{"id":578,"date":"2018-10-13T18:22:47","date_gmt":"2018-10-13T16:22:47","guid":{"rendered":"http:\/\/www.ovlgc.org\/fr\/?p=578"},"modified":"2022-01-07T12:46:06","modified_gmt":"2022-01-07T11:46:06","slug":"venue-de-annie-sugier","status":"publish","type":"post","link":"https:\/\/www.ovlgc.org\/fr\/venue-de-annie-sugier\/","title":{"rendered":"Venue d&rsquo;Annie SUGIER"},"content":{"rendered":"<p>Voici le communiqu\u00e9 de presse envoy\u00e9 \u00e0 l&rsquo;occasion de la venue de Annie SUGIER en Vend\u00e9e:<\/p>\n<p>&nbsp;<\/p>\n<p><strong>\u00a0\u00a0\u00a0\u00a0\u00a0\u00a0\u00a0\u00a0\u00a0\u00a0\u00a0\u00a0\u00a0\u00a0\u00a0\u00a0\u00a0\u00a0\u00a0\u00a0\u00a0\u00a0\u00a0\u00a0\u00a0\u00a0\u00a0\u00a0\u00a0\u00a0\u00a0\u00a0\u00a0\u00a0\u00a0\u00a0\u00a0\u00a0\u00a0\u00a0\u00a0\u00a0\u00a0\u00a0\u00a0\u00a0\u00a0\u00a0\u00a0\u00a0\u00a0\u00a0\u00a0\u00a0\u00a0\u00a0\u00a0\u00a0\u00a0\u00a0\u00a0\u00a0\u00a0\u00a0\u00a0\u00a0\u00a0\u00a0\u00a0\u00a0\u00a0\u00a0 ANNIE SUGIER, PRESIDENTE DE LA LIGUE<\/strong><\/p>\n<p><strong>\u00a0 \u00a0 \u00a0 \u00a0 \u00a0 \u00a0 \u00a0 \u00a0 \u00a0 \u00a0 \u00a0 \u00a0 \u00a0 \u00a0 \u00a0 \u00a0 \u00a0 \u00a0 \u00a0 \u00a0 \u00a0 \u00a0 \u00a0 \u00a0 \u00a0 \u00a0 \u00a0 \u00a0 \u00a0 \u00a0 \u00a0 \u00a0 \u00a0 \u00a0 \u00a0 \u00a0\u00a0 DU DROIT INTERNATIONAL DES FEMMES,<\/strong><\/p>\n<p><strong>\u00a0\u00a0\u00a0\u00a0\u00a0\u00a0\u00a0\u00a0\u00a0\u00a0\u00a0\u00a0\u00a0\u00a0\u00a0\u00a0\u00a0\u00a0\u00a0\u00a0\u00a0\u00a0\u00a0\u00a0\u00a0\u00a0\u00a0\u00a0\u00a0\u00a0\u00a0\u00a0\u00a0\u00a0\u00a0\u00a0\u00a0\u00a0\u00a0\u00a0\u00a0\u00a0\u00a0\u00a0\u00a0\u00a0\u00a0\u00a0\u00a0\u00a0\u00a0\u00a0\u00a0\u00a0\u00a0\u00a0\u00a0 \u00a0 \u00a0 \u00a0 \u00a0 \u00a0 \u00a0 \u00a0\u00a0 A LA ROCHE SUR YON LE 27 OCTOBRE<\/strong><\/p>\n<p><strong>\u00a0<\/strong><\/p>\n<p style=\"text-align: left;\">A l\u2019invitation de l\u2019Observatoire Vend\u00e9en de la La\u00efcit\u00e9 Georges Cl\u00e9menceau, qui tiendra juste avant son Assembl\u00e9e G\u00e9n\u00e9rale, Annie Sugier, Pr\u00e9sidente de la Ligue du Droit International des femmes, sera \u00e0 La Roche sur Yon le 27 octobre prochain.<\/p>\n<p style=\"text-align: left;\">A la maison de quartier de Jean Yole, \u00e0 16 heures 30, elle interviendra sur le th\u00e8me\u00a0: \u00ab\u00a0la\u00efcit\u00e9 et droit des femmes\u00a0: dimension internationale\u00a0\u00bb. Nous attendons qu\u2019elle nous fasse partager son engagement et ses actions dans le Mouvement de Lib\u00e9ration des Femmes puis au sein de la Ligue du Droit des Femmes dont elle a \u00e9t\u00e9 l\u2019une des fondatrices en 1974, avant d\u2019assurer la Pr\u00e9sidence de la \u00ab Ligue du Droit International des Femmes \u00bb cr\u00e9\u00e9e en 1983 par Simone de Beauvoir. Elle est aussi membre du Comit\u00e9 Atlanta+ et Vice-Pr\u00e9sidente de la Coordination Fran\u00e7aise du Lobby Europ\u00e9en des Femmes.<\/p>\n<p style=\"text-align: left;\">Sa conf\u00e9rence sera, bien s\u00fbr, suivie d\u2019un \u00e9change avec la salle.<\/p>\n<p style=\"text-align: left;\">Voici aussi, en quelques lignes, le parcours d\u2019Annie SUGIER physicienne.<\/p>\n<p style=\"text-align: left;\">Annie SUGIER, \u00a0n\u00e9e en 1942, \u00a0devient en 1989 \u00a0la premi\u00e8re femme \u00a0nomm\u00e9e Directrice au \u00ab d\u00e9mant\u00e8lement des installations nucl\u00e9aires \u00bb au C.E.A.<\/p>\n<p style=\"text-align: left;\">Reconnue au niveau international, Mme SUGIER devient experte aupr\u00e8s de la Commission Europ\u00e9enne puis, forte de ses comp\u00e9tences et de sa cr\u00e9dibilit\u00e9 aupr\u00e8s d\u2019experts associatifs, Mme SUGIER est nomm\u00e9e par les Ministres de la Sant\u00e9 et de l\u2019Environnement, Pr\u00e9sidente du Groupe Radio\u00e9cologie Nord-Cotentin \u00ab une premi\u00e8re dans le domaine nucl\u00e9aire \u00bb, responsabilit\u00e9s qui l\u2019ont conduite durant deux mandats au Conseil Scientifique du \u00ab Centre d\u2019\u00c9tudes sur l\u2019\u00c9valuation de la protection dans le domaine nucl\u00e9aire\u00bb<\/p>\n<p style=\"text-align: left;\">Nous en retiendrons qu\u2019elle fut la premi\u00e8re femme \u00e0 occuper ces fonctions d\u2019une importance et d\u2019une actualit\u00e9 que chacune et chacun d\u2019entre vous reconna\u00eetra.<\/p>\n<p style=\"text-align: left;\">\u00a0\u00a0\u00a0\u00a0\u00a0\u00a0\u00a0\u00a0\u00a0\u00a0\u00a0\u00a0\u00a0\u00a0\u00a0\u00a0\u00a0\u00a0\u00a0\u00a0\u00a0\u00a0\u00a0\u00a0\u00a0\u00a0\u00a0\u00a0\u00a0\u00a0\u00a0\u00a0\u00a0\u00a0\u00a0\u00a0\u00a0\u00a0\u00a0\u00a0\u00a0\u00a0 Le 13 octobre 2018\u00a0\u00a0\u00a0\u00a0\u00a0\u00a0\u00a0\u00a0\u00a0 \u00a0\u00a0\u00a0\u00a0\u00a0\u00a0\u00a0\u00a0\u00a0\u00a0\u00a0\u00a0\u00a0\u00a0\u00a0\u00a0\u00a0\u00a0\u00a0\u00a0\u00a0\u00a0\u00a0\u00a0\u00a0\u00a0\u00a0\u00a0\u00a0\u00a0\u00a0\u00a0\u00a0\u00a0\u00a0\u00a0\u00a0\u00a0\u00a0\u00a0\u00a0\u00a0\u00a0\u00a0\u00a0\u00a0\u00a0\u00a0\u00a0\u00a0\u00a0\u00a0\u00a0\u00a0\u00a0\u00a0\u00a0\u00a0Le Pr\u00e9sident<\/p>\n<p style=\"text-align: left;\">\u00a0\u00a0\u00a0\u00a0\u00a0\u00a0\u00a0\u00a0\u00a0\u00a0\u00a0\u00a0\u00a0\u00a0\u00a0\u00a0\u00a0\u00a0\u00a0\u00a0\u00a0\u00a0\u00a0\u00a0\u00a0\u00a0\u00a0\u00a0\u00a0\u00a0\u00a0\u00a0\u00a0\u00a0\u00a0\u00a0\u00a0\u00a0\u00a0\u00a0\u00a0\u00a0\u00a0\u00a0\u00a0\u00a0\u00a0\u00a0\u00a0\u00a0\u00a0\u00a0\u00a0\u00a0\u00a0\u00a0\u00a0\u00a0\u00a0\u00a0\u00a0\u00a0\u00a0\u00a0\u00a0\u00a0\u00a0\u00a0\u00a0\u00a0\u00a0\u00a0\u00a0\u00a0\u00a0\u00a0\u00a0\u00a0\u00a0\u00a0\u00a0\u00a0\u00a0\u00a0\u00a0\u00a0\u00a0\u00a0\u00a0\u00a0\u00a0 \u00a0\u00a0\u00a0\u00a0\u00a0\u00a0\u00a0\u00a0\u00a0\u00a0\u00a0\u00a0\u00a0\u00a0\u00a0\u00a0\u00a0\u00a0\u00a0\u00a0\u00a0\u00a0\u00a0\u00a0\u00a0\u00a0\u00a0\u00a0\u00a0\u00a0\u00a0\u00a0\u00a0\u00a0\u00a0\u00a0\u00a0\u00a0\u00a0\u00a0\u00a0\u00a0\u00a0\u00a0\u00a0\u00a0\u00a0\u00a0\u00a0\u00a0\u00a0Gilles Bourmaud<\/p>\n<p>&nbsp;<\/p>\n<p>&nbsp;<\/p>\n<p>RCF, le Journal du Pays Yonnais et Ouest-France notamment, ont relay\u00e9 l&rsquo;information.<\/p>\n<p>&nbsp;<\/p>\n<p>&nbsp;<\/p>\n<p>&nbsp;<\/p>\n<p><img loading=\"lazy\" decoding=\"async\" class=\"wp-image-682 alignleft\" src=\"https:\/\/www.ovlgc.org\/fr\/wp-content\/uploads\/2018\/10\/2018-10-25-Ouest-France-290x300.jpg\" alt=\"\" width=\"421\" height=\"436\" srcset=\"https:\/\/www.ovlgc.org\/fr\/wp-content\/uploads\/2018\/10\/2018-10-25-Ouest-France-290x300.jpg 290w, https:\/\/www.ovlgc.org\/fr\/wp-content\/uploads\/2018\/10\/2018-10-25-Ouest-France-768x795.jpg 768w, https:\/\/www.ovlgc.org\/fr\/wp-content\/uploads\/2018\/10\/2018-10-25-Ouest-France-990x1024.jpg 990w, https:\/\/www.ovlgc.org\/fr\/wp-content\/uploads\/2018\/10\/2018-10-25-Ouest-France.jpg 1417w\" sizes=\"auto, (max-width: 421px) 100vw, 421px\" \/><\/p>\n<p class=\"hide-if-no-js\"><a id=\"set-post-thumbnail\" class=\"thickbox\" href=\"https:\/\/www.ovlgc.org\/fr\/wp-admin\/media-upload.php?post_id=578&amp;type=image&amp;TB_iframe=1\" aria-describedby=\"set-post-thumbnail-desc\"><img loading=\"lazy\" decoding=\"async\" class=\"attachment-266x266 alignright\" src=\"https:\/\/www.ovlgc.org\/fr\/wp-content\/uploads\/2018\/10\/2018-10-25-Journal-du-Pays-Yonnais.jpg\" sizes=\"auto, (max-width: 266px) 100vw, 266px\" srcset=\"https:\/\/www.ovlgc.org\/fr\/wp-content\/uploads\/2018\/10\/2018-10-25-Journal-du-Pays-Yonnais.jpg 735w, https:\/\/www.ovlgc.org\/fr\/wp-content\/uploads\/2018\/10\/2018-10-25-Journal-du-Pays-Yonnais-300x211.jpg 300w, https:\/\/www.ovlgc.org\/fr\/wp-content\/uploads\/2018\/10\/2018-10-25-Journal-du-Pays-Yonnais-130x90.jpg 130w\" alt=\"\" width=\"595\" height=\"419\" \/><\/a><\/p>\n<p>&nbsp;<\/p>\n","protected":false},"excerpt":{"rendered":"<p>Voici le communiqu\u00e9 de presse envoy\u00e9 \u00e0 l&rsquo;occasion de la venue de Annie SUGIER en Vend\u00e9e: &nbsp; \u00a0\u00a0\u00a0\u00a0\u00a0\u00a0\u00a0\u00a0\u00a0\u00a0\u00a0\u00a0\u00a0\u00a0\u00a0\u00a0\u00a0\u00a0\u00a0\u00a0\u00a0\u00a0\u00a0\u00a0\u00a0\u00a0\u00a0\u00a0\u00a0\u00a0\u00a0\u00a0\u00a0\u00a0\u00a0\u00a0\u00a0\u00a0\u00a0\u00a0\u00a0\u00a0\u00a0\u00a0\u00a0\u00a0\u00a0\u00a0\u00a0\u00a0\u00a0\u00a0\u00a0\u00a0\u00a0\u00a0\u00a0\u00a0\u00a0\u00a0\u00a0\u00a0\u00a0\u00a0\u00a0\u00a0\u00a0\u00a0\u00a0\u00a0\u00a0\u00a0 ANNIE SUGIER,<\/p>\n","protected":false},"author":2,"featured_media":0,"comment_status":"closed","ping_status":"closed","sticky":false,"template":"","format":"standard","meta":{"footnotes":""},"categories":[20],"tags":[],"class_list":["post-578","post","type-post","status-publish","format-standard","hentry","category-archives"],"_links":{"self":[{"href":"https:\/\/www.ovlgc.org\/fr\/wp-json\/wp\/v2\/posts\/578","targetHints":{"allow":["GET"]}}],"collection":[{"href":"https:\/\/www.ovlgc.org\/fr\/wp-json\/wp\/v2\/posts"}],"about":[{"href":"https:\/\/www.ovlgc.org\/fr\/wp-json\/wp\/v2\/types\/post"}],"author":[{"embeddable":true,"href":"https:\/\/www.ovlgc.org\/fr\/wp-json\/wp\/v2\/users\/2"}],"replies":[{"embeddable":true,"href":"https:\/\/www.ovlgc.org\/fr\/wp-json\/wp\/v2\/comments?post=578"}],"version-history":[{"count":11,"href":"https:\/\/www.ovlgc.org\/fr\/wp-json\/wp\/v2\/posts\/578\/revisions"}],"predecessor-version":[{"id":792,"href":"https:\/\/www.ovlgc.org\/fr\/wp-json\/wp\/v2\/posts\/578\/revisions\/792"}],"wp:attachment":[{"href":"https:\/\/www.ovlgc.org\/fr\/wp-json\/wp\/v2\/media?parent=578"}],"wp:term":[{"taxonomy":"category","embeddable":true,"href":"https:\/\/www.ovlgc.org\/fr\/wp-json\/wp\/v2\/categories?post=578"},{"taxonomy":"post_tag","embeddable":true,"href":"https:\/\/www.ovlgc.org\/fr\/wp-json\/wp\/v2\/tags?post=578"}],"curies":[{"name":"wp","href":"https:\/\/api.w.org\/{rel}","templated":true}]}}