{"id":5342,"date":"2026-01-26T10:05:57","date_gmt":"2026-01-26T09:05:57","guid":{"rendered":"https:\/\/www.ovlgc.org\/fr\/?p=5342"},"modified":"2026-01-26T10:11:59","modified_gmt":"2026-01-26T09:11:59","slug":"larbre-de-la-laicite-une-nouvelle-fois-saccage","status":"publish","type":"post","link":"https:\/\/www.ovlgc.org\/fr\/larbre-de-la-laicite-une-nouvelle-fois-saccage\/","title":{"rendered":"L&rsquo;Arbre de la La\u00efcit\u00e9 une nouvelle fois saccag\u00e9!"},"content":{"rendered":"<p>Une fois encore, un symbole de notre R\u00e9publique a \u00e9t\u00e9 attaqu\u00e9. L&rsquo;OVLGC a d\u00e9nonc\u00e9 ce fait en envoyant le communiqu\u00e9 de presse suivant;<a href=\"https:\/\/www.ovlgc.org\/fr\/wp-content\/uploads\/2026\/01\/Communique-de-Presse-Arbre-de-la-Laicite-janv-2026.pdf\" class=\"pdfemb-viewer\" style=\"\" data-width=\"max\" data-height=\"max\" data-toolbar=\"bottom\" data-toolbar-fixed=\"off\">Communiqu\u00e9 de Presse Arbre de la La\u00efcit\u00e9 janv 2026<\/a><\/p>\n<p>Le journal du Pays Yonnais a publi\u00e9 l&rsquo;<a href=\"https:\/\/actu.fr\/pays-de-la-loire\/la-roche-sur-yon_85191\/la-republique-se-respecte-larbre-de-la-laicite-vandalise-pour-la-4e-fois-dans-cette-commune-de-vendee_63742382.html\">article suivant:<\/a><\/p>\n<p>Enfin, pour m\u00e9moire, vous trouverez ci-apr\u00e8s une photo du 9 d\u00e9cembre 2025 (120\u00e8me anniversaire de la Loi de 1905) lors du d\u00e9p\u00f4t de gerbes au pied de l&rsquo;Arbre par Luc Bouard, maire de la Roche sur Yon et Jean Burneleau, Co-Pr\u00e9sident de l&rsquo;OVLGC.<\/p>\n<p><img loading=\"lazy\" decoding=\"async\" class=\"alignnone size-medium wp-image-5329\" src=\"https:\/\/www.ovlgc.org\/fr\/wp-content\/uploads\/2025\/12\/IMG_20251209_114448-134x300.jpg\" alt=\"\" width=\"134\" height=\"300\" srcset=\"https:\/\/www.ovlgc.org\/fr\/wp-content\/uploads\/2025\/12\/IMG_20251209_114448-134x300.jpg 134w, https:\/\/www.ovlgc.org\/fr\/wp-content\/uploads\/2025\/12\/IMG_20251209_114448-459x1024.jpg 459w, https:\/\/www.ovlgc.org\/fr\/wp-content\/uploads\/2025\/12\/IMG_20251209_114448-67x150.jpg 67w, https:\/\/www.ovlgc.org\/fr\/wp-content\/uploads\/2025\/12\/IMG_20251209_114448-768x1714.jpg 768w, https:\/\/www.ovlgc.org\/fr\/wp-content\/uploads\/2025\/12\/IMG_20251209_114448-688x1536.jpg 688w, https:\/\/www.ovlgc.org\/fr\/wp-content\/uploads\/2025\/12\/IMG_20251209_114448-918x2048.jpg 918w, https:\/\/www.ovlgc.org\/fr\/wp-content\/uploads\/2025\/12\/IMG_20251209_114448-scaled.jpg 1147w\" sizes=\"auto, (max-width: 134px) 100vw, 134px\" \/><\/p>\n","protected":false},"excerpt":{"rendered":"<p>Une fois encore, un symbole de notre R\u00e9publique a \u00e9t\u00e9 attaqu\u00e9. L&rsquo;OVLGC a d\u00e9nonc\u00e9 ce fait en envoyant le communiqu\u00e9<\/p>\n","protected":false},"author":2,"featured_media":5340,"comment_status":"closed","ping_status":"closed","sticky":false,"template":"","format":"standard","meta":{"footnotes":""},"categories":[1],"tags":[],"class_list":["post-5342","post","type-post","status-publish","format-standard","has-post-thumbnail","hentry","category-non-classe"],"_links":{"self":[{"href":"https:\/\/www.ovlgc.org\/fr\/wp-json\/wp\/v2\/posts\/5342","targetHints":{"allow":["GET"]}}],"collection":[{"href":"https:\/\/www.ovlgc.org\/fr\/wp-json\/wp\/v2\/posts"}],"about":[{"href":"https:\/\/www.ovlgc.org\/fr\/wp-json\/wp\/v2\/types\/post"}],"author":[{"embeddable":true,"href":"https:\/\/www.ovlgc.org\/fr\/wp-json\/wp\/v2\/users\/2"}],"replies":[{"embeddable":true,"href":"https:\/\/www.ovlgc.org\/fr\/wp-json\/wp\/v2\/comments?post=5342"}],"version-history":[{"count":3,"href":"https:\/\/www.ovlgc.org\/fr\/wp-json\/wp\/v2\/posts\/5342\/revisions"}],"predecessor-version":[{"id":5345,"href":"https:\/\/www.ovlgc.org\/fr\/wp-json\/wp\/v2\/posts\/5342\/revisions\/5345"}],"wp:featuredmedia":[{"embeddable":true,"href":"https:\/\/www.ovlgc.org\/fr\/wp-json\/wp\/v2\/media\/5340"}],"wp:attachment":[{"href":"https:\/\/www.ovlgc.org\/fr\/wp-json\/wp\/v2\/media?parent=5342"}],"wp:term":[{"taxonomy":"category","embeddable":true,"href":"https:\/\/www.ovlgc.org\/fr\/wp-json\/wp\/v2\/categories?post=5342"},{"taxonomy":"post_tag","embeddable":true,"href":"https:\/\/www.ovlgc.org\/fr\/wp-json\/wp\/v2\/tags?post=5342"}],"curies":[{"name":"wp","href":"https:\/\/api.w.org\/{rel}","templated":true}]}}