{"id":5306,"date":"2025-11-26T16:10:40","date_gmt":"2025-11-26T15:10:40","guid":{"rendered":"https:\/\/www.ovlgc.org\/fr\/?p=5306"},"modified":"2026-03-27T16:36:36","modified_gmt":"2026-03-27T15:36:36","slug":"conference-sur-lhistoire-de-la-vendee-et-laicite-un-combat-contemporain","status":"publish","type":"post","link":"https:\/\/www.ovlgc.org\/fr\/conference-sur-lhistoire-de-la-vendee-et-laicite-un-combat-contemporain\/","title":{"rendered":"Conf\u00e9rence sur \u00ab\u00a0l&rsquo;Histoire de la Vend\u00e9e et La\u00efcit\u00e9, un combat contemporain\u00a0\u00bb"},"content":{"rendered":"<p>La conf\u00e9rence sur \u00ab\u00a0l&rsquo;Histoire de la Vend\u00e9e et La\u00efcit\u00e9, un combat contemporain\u00a0\u00bb par Jean-Claude Lafay, ancien \u00e9l\u00e8ve de l&rsquo;ENS, licenci\u00e9 en sociologie, docteur es lettres de l&rsquo;Universit\u00e9 de Nantes avait \u00e9t\u00e9 annonc\u00e9e par Ouest-France (voir l&rsquo;article ci-dessous). Organis\u00e9e par l&rsquo;OVLGC, l&rsquo;Amicale La\u00efque de St Georges de Pointindoux et les Familles La\u00efques des Achards, elle s&rsquo;est tenue dans la salle polyvalente de St Georges de Pointindoux devant un public nombreux.<\/p>\n<p><img loading=\"lazy\" decoding=\"async\" class=\"alignnone size-full wp-image-5303\" src=\"https:\/\/www.ovlgc.org\/fr\/wp-content\/uploads\/2025\/11\/1903_thumb.jpg\" alt=\"\" width=\"300\" height=\"180\" srcset=\"https:\/\/www.ovlgc.org\/fr\/wp-content\/uploads\/2025\/11\/1903_thumb.jpg 300w, https:\/\/www.ovlgc.org\/fr\/wp-content\/uploads\/2025\/11\/1903_thumb-150x90.jpg 150w\" sizes=\"auto, (max-width: 300px) 100vw, 300px\" \/><img loading=\"lazy\" decoding=\"async\" class=\"alignnone size-full wp-image-5304\" src=\"https:\/\/www.ovlgc.org\/fr\/wp-content\/uploads\/2025\/11\/1906_thumb.jpg\" alt=\"\" width=\"300\" height=\"151\" srcset=\"https:\/\/www.ovlgc.org\/fr\/wp-content\/uploads\/2025\/11\/1906_thumb.jpg 300w, https:\/\/www.ovlgc.org\/fr\/wp-content\/uploads\/2025\/11\/1906_thumb-150x76.jpg 150w\" sizes=\"auto, (max-width: 300px) 100vw, 300px\" \/><img loading=\"lazy\" decoding=\"async\" class=\"alignnone size-full wp-image-5305\" src=\"https:\/\/www.ovlgc.org\/fr\/wp-content\/uploads\/2025\/11\/1904_thumb.jpg\" alt=\"\" width=\"300\" height=\"169\" srcset=\"https:\/\/www.ovlgc.org\/fr\/wp-content\/uploads\/2025\/11\/1904_thumb.jpg 300w, https:\/\/www.ovlgc.org\/fr\/wp-content\/uploads\/2025\/11\/1904_thumb-150x85.jpg 150w\" sizes=\"auto, (max-width: 300px) 100vw, 300px\" \/><\/p>\n","protected":false},"excerpt":{"rendered":"<p>La conf\u00e9rence sur \u00ab\u00a0l&rsquo;Histoire de la Vend\u00e9e et La\u00efcit\u00e9, un combat contemporain\u00a0\u00bb par Jean-Claude Lafay, ancien \u00e9l\u00e8ve de l&rsquo;ENS, licenci\u00e9<\/p>\n","protected":false},"author":2,"featured_media":5308,"comment_status":"closed","ping_status":"closed","sticky":false,"template":"","format":"standard","meta":{"footnotes":""},"categories":[99],"tags":[],"class_list":["post-5306","post","type-post","status-publish","format-standard","has-post-thumbnail","hentry","category-evenements-de-2025"],"_links":{"self":[{"href":"https:\/\/www.ovlgc.org\/fr\/wp-json\/wp\/v2\/posts\/5306","targetHints":{"allow":["GET"]}}],"collection":[{"href":"https:\/\/www.ovlgc.org\/fr\/wp-json\/wp\/v2\/posts"}],"about":[{"href":"https:\/\/www.ovlgc.org\/fr\/wp-json\/wp\/v2\/types\/post"}],"author":[{"embeddable":true,"href":"https:\/\/www.ovlgc.org\/fr\/wp-json\/wp\/v2\/users\/2"}],"replies":[{"embeddable":true,"href":"https:\/\/www.ovlgc.org\/fr\/wp-json\/wp\/v2\/comments?post=5306"}],"version-history":[{"count":1,"href":"https:\/\/www.ovlgc.org\/fr\/wp-json\/wp\/v2\/posts\/5306\/revisions"}],"predecessor-version":[{"id":5307,"href":"https:\/\/www.ovlgc.org\/fr\/wp-json\/wp\/v2\/posts\/5306\/revisions\/5307"}],"wp:featuredmedia":[{"embeddable":true,"href":"https:\/\/www.ovlgc.org\/fr\/wp-json\/wp\/v2\/media\/5308"}],"wp:attachment":[{"href":"https:\/\/www.ovlgc.org\/fr\/wp-json\/wp\/v2\/media?parent=5306"}],"wp:term":[{"taxonomy":"category","embeddable":true,"href":"https:\/\/www.ovlgc.org\/fr\/wp-json\/wp\/v2\/categories?post=5306"},{"taxonomy":"post_tag","embeddable":true,"href":"https:\/\/www.ovlgc.org\/fr\/wp-json\/wp\/v2\/tags?post=5306"}],"curies":[{"name":"wp","href":"https:\/\/api.w.org\/{rel}","templated":true}]}}