{"id":5267,"date":"2025-04-21T11:12:19","date_gmt":"2025-04-21T09:12:19","guid":{"rendered":"https:\/\/www.ovlgc.org\/fr\/?p=5267"},"modified":"2025-04-21T11:12:19","modified_gmt":"2025-04-21T09:12:19","slug":"la-newsletter-de-la-vigie-n-23","status":"publish","type":"post","link":"https:\/\/www.ovlgc.org\/fr\/la-newsletter-de-la-vigie-n-23\/","title":{"rendered":"La Newsletter de la Vigie n\u00b0 23"},"content":{"rendered":"<table border=\"0\" width=\"100%\" cellspacing=\"0\" cellpadding=\"0\" align=\"center\">\n<tbody>\n<tr>\n<td valign=\"top\">\n<table border=\"0\" width=\"100%\" cellspacing=\"0\" cellpadding=\"0\">\n<tbody>\n<tr>\n<td colspan=\"12\" valign=\"top\" width=\"100%\">\n<table border=\"0\" width=\"100%\" cellspacing=\"0\" cellpadding=\"0\">\n<tbody>\n<tr>\n<td valign=\"top\">\n<table width=\"100%\">\n<tbody>\n<tr>\n<td>\n<div>\n<p>&nbsp;<\/p>\n<\/div>\n<\/td>\n<\/tr>\n<\/tbody>\n<\/table>\n<\/td>\n<\/tr>\n<\/tbody>\n<\/table>\n<\/td>\n<\/tr>\n<\/tbody>\n<\/table>\n<\/td>\n<\/tr>\n<\/tbody>\n<\/table>\n<table border=\"0\" width=\"100%\" cellspacing=\"0\" cellpadding=\"0\" align=\"center\">\n<tbody>\n<tr>\n<td valign=\"top\">\n<table border=\"0\" width=\"100%\" cellspacing=\"0\" cellpadding=\"0\">\n<tbody>\n<tr>\n<td colspan=\"12\" valign=\"top\" width=\"100%\">\n<table border=\"0\" width=\"100%\" cellspacing=\"0\" cellpadding=\"0\">\n<tbody>\n<tr>\n<td align=\"center\" valign=\"top\"><img decoding=\"async\" src=\"https:\/\/mcusercontent.com\/854e866bca910c5970cac5e67\/images\/29f5d6da-5cef-8b3c-f804-e0a0d9120df3.png\" alt=\"\" width=\"96\" height=\"auto\" \/><\/td>\n<\/tr>\n<tr>\n<td valign=\"top\">\n<table width=\"100%\">\n<tbody>\n<tr>\n<td>\n<div>\n<h1>Face \u00e0 la radicalisation, quelles r\u00e9ponses ?<\/h1>\n<p>Newsletter de la Vigie de la La\u00efcit\u00e9 n\u00b023<\/p>\n<\/div>\n<\/td>\n<\/tr>\n<\/tbody>\n<\/table>\n<\/td>\n<\/tr>\n<tr>\n<td valign=\"top\">\n<table border=\"0\" width=\"100%\" cellspacing=\"0\" cellpadding=\"0\" align=\"center\">\n<tbody>\n<tr>\n<td valign=\"top\"><\/td>\n<\/tr>\n<\/tbody>\n<\/table>\n<\/td>\n<\/tr>\n<\/tbody>\n<\/table>\n<\/td>\n<\/tr>\n<\/tbody>\n<\/table>\n<\/td>\n<\/tr>\n<\/tbody>\n<\/table>\n<table border=\"0\" width=\"100%\" cellspacing=\"0\" cellpadding=\"0\" align=\"center\">\n<tbody>\n<tr>\n<td valign=\"top\">\n<table border=\"0\" width=\"100%\" cellspacing=\"0\" cellpadding=\"0\">\n<tbody>\n<tr>\n<td colspan=\"12\" valign=\"top\" width=\"100%\">\n<table border=\"0\" width=\"100%\" cellspacing=\"0\" cellpadding=\"0\">\n<tbody>\n<tr>\n<td valign=\"top\">\n<table width=\"100%\">\n<tbody>\n<tr>\n<td>\n<div>\n<p><strong>Cher\u00b7e\u00b7s ami\u00b7e\u00b7s,<br \/>\nCher\u00b7e\u00b7s abonn\u00e9\u00b7e\u00b7s \u00e0 notre newsletter,<\/strong><\/p>\n<p>Dans cette \u00e9dition de notre newsletter, nous abordons des sujets fondamentaux pour comprendre les dynamiques actuelles li\u00e9es \u00e0 la la\u00efcit\u00e9, l\u2019\u00e9ducation et la radicalisation. Nous vous proposons deux analyses approfondies sur la formation des \u00e9lites musulmanes et les enjeux complexes de la radicalisation, accompagn\u00e9es d&rsquo;une r\u00e9flexion sur l\u2019exclusion des minorit\u00e9s religieuses dans des contextes la\u00efques en France et au Br\u00e9sil. Ces contributions, r\u00e9dig\u00e9es par des experts dans leurs domaines, offrent des perspectives critiques et des pistes pour un avenir plus inclusif et pr\u00e9ventif face aux d\u00e9fis sociaux et \u00e9ducatifs contemporains.<\/p>\n<\/div>\n<\/td>\n<\/tr>\n<\/tbody>\n<\/table>\n<\/td>\n<\/tr>\n<tr>\n<td valign=\"top\">\n<table width=\"100%\">\n<tbody>\n<tr>\n<td>\n<div>\n<p>MIEUX COMPRENDRE<\/p>\n<p><strong>Islam et politiques de formation : la sid\u00e9ration des enseignants dans l\u2019attente des \u00e9lites de demain. Exp\u00e9riences belges.<\/strong><\/p>\n<p>Dans cet article, Louis-Leon Christians, titulaire de la Chaire Droit et Religions \u00e0 l\u2019Universit\u00e9 de Louvain et co-pr\u00e9sident de l\u2019Institut de promotion des formations sur l\u2019islam, analyse l\u2019\u00e9volution des politiques belges de formation sur l\u2019islam. Il explore comment ces initiatives visent \u00e0 cr\u00e9er une \u00e9lite musulmane \u00e0 travers des formations d\u00e9di\u00e9es aux imams, enseignants et acteurs socioculturels, tout en soulignant la n\u00e9cessit\u00e9 d\u2019une approche plus inclusive et de m\u00e9thodes p\u00e9dagogiques adapt\u00e9es aux d\u00e9fis actuels rencontr\u00e9s par les enseignants face \u00e0 la diversit\u00e9 religieuse et culturelle.<\/p>\n<p><a tabindex=\"9999\" href=\"https:\/\/vigie-laicite.us14.list-manage.com\/track\/click?u=854e866bca910c5970cac5e67&amp;id=8d0e6891e8&amp;e=889b834833\" target=\"_blank\" rel=\"noopener\"><strong>Lire la suite<\/strong><\/a><\/p>\n<\/div>\n<\/td>\n<\/tr>\n<\/tbody>\n<\/table>\n<\/td>\n<\/tr>\n<tr>\n<td valign=\"top\">\n<table border=\"0\" width=\"100%\" cellspacing=\"0\" cellpadding=\"0\">\n<tbody>\n<tr>\n<td valign=\"top\" height=\"30\"><\/td>\n<\/tr>\n<\/tbody>\n<\/table>\n<\/td>\n<\/tr>\n<tr>\n<td valign=\"top\">\n<table width=\"100%\">\n<tbody>\n<tr>\n<td>\n<div>\n<p>MIEUX COMPRENDRE<\/p>\n<p><strong>Radicalisation : R\u00e9plique politico-religieuse ou sympt\u00f4me identitaire ?<\/strong><\/p>\n<p>Dans cette mise \u00e0 jour de son analyse, Daniel Verba explore les multiples facettes de la radicalisation, en \u00e9clairant ses racines sociales, psychologiques et culturelles, tout en soulignant l&rsquo;importance d&rsquo;une approche pr\u00e9ventive face \u00e0 ce ph\u00e9nom\u00e8ne complexe.<\/p>\n<p><a tabindex=\"9999\" href=\"https:\/\/vigie-laicite.us14.list-manage.com\/track\/click?u=854e866bca910c5970cac5e67&amp;id=6b376ff422&amp;e=889b834833\" target=\"_blank\" rel=\"noopener\"><strong>Lire la suite<\/strong><\/a><\/p>\n<\/div>\n<\/td>\n<\/tr>\n<\/tbody>\n<\/table>\n<\/td>\n<\/tr>\n<tr>\n<td valign=\"top\">\n<table border=\"0\" width=\"100%\" cellspacing=\"0\" cellpadding=\"0\">\n<tbody>\n<tr>\n<td valign=\"top\" height=\"30\"><\/td>\n<\/tr>\n<\/tbody>\n<\/table>\n<\/td>\n<\/tr>\n<tr>\n<td valign=\"top\">\n<table width=\"100%\">\n<tbody>\n<tr>\n<td>\n<div>\n<p>ALLER PLUS LOIN<\/p>\n<p><strong>Islam et religions afro-br\u00e9siliennes comme les exclus du pacte de la\u00efcit\u00e9 contemporain en France et au Br\u00e9sil<\/strong><\/p>\n<p>Marcelo Camur\u00e7a\u00a0explore les impasses de la la\u00efcit\u00e9 en France et au Br\u00e9sil, en mettant en lumi\u00e8re les dynamiques inverses qui conduisent \u00e0 l&rsquo;exclusion de certaines minorit\u00e9s religieuses, en particulier l&rsquo;Islam en France et les religions afro-br\u00e9siliennes au Br\u00e9sil.<\/p>\n<p><a tabindex=\"9999\" href=\"https:\/\/vigie-laicite.us14.list-manage.com\/track\/click?u=854e866bca910c5970cac5e67&amp;id=643d55ec36&amp;e=889b834833\" target=\"_blank\" rel=\"noopener\"><strong>Lire la suite<\/strong><\/a><\/p>\n<\/div>\n<\/td>\n<\/tr>\n<\/tbody>\n<\/table>\n<\/td>\n<\/tr>\n<tr>\n<td valign=\"top\">\n<table width=\"100%\">\n<tbody>\n<tr>\n<td>\n<div>\n<p>La Vigie de la La\u00efcit\u00e9<\/p>\n<\/div>\n<\/td>\n<\/tr>\n<\/tbody>\n<\/table>\n<\/td>\n<\/tr>\n<\/tbody>\n<\/table>\n<\/td>\n<\/tr>\n<\/tbody>\n<\/table>\n<\/td>\n<\/tr>\n<\/tbody>\n<\/table>\n<table border=\"0\" width=\"100%\" cellspacing=\"0\" cellpadding=\"0\" align=\"center\">\n<tbody>\n<tr>\n<td valign=\"top\">\n<table border=\"0\" width=\"100%\" cellspacing=\"0\" cellpadding=\"0\">\n<tbody>\n<tr>\n<td colspan=\"12\" valign=\"top\" width=\"100%\">\n<table border=\"0\" width=\"100%\" cellspacing=\"0\" cellpadding=\"0\">\n<tbody>\n<tr>\n<td valign=\"top\">\n<table width=\"100%\">\n<tbody>\n<tr>\n<td>\n<div>\n<h2>Retrouvez toutes nos ressources<br \/>\nsur notre nouveau site web<\/h2>\n<\/div>\n<\/td>\n<\/tr>\n<\/tbody>\n<\/table>\n<\/td>\n<\/tr>\n<tr>\n<td align=\"center\" valign=\"top\">\n<div><\/div>\n<table border=\"0\" cellspacing=\"0\" cellpadding=\"0\" align=\"center\">\n<tbody>\n<tr>\n<td valign=\"top\"><a tabindex=\"9999\" href=\"https:\/\/vigie-laicite.us14.list-manage.com\/track\/click?u=854e866bca910c5970cac5e67&amp;id=11d6e84980&amp;e=889b834833\" target=\"_blank\" rel=\"noopener\">Visiter le site<\/a><\/td>\n<\/tr>\n<\/tbody>\n<\/table>\n<\/td>\n<\/tr>\n<\/tbody>\n<\/table>\n<\/td>\n<\/tr>\n<\/tbody>\n<\/table>\n<\/td>\n<\/tr>\n<\/tbody>\n<\/table>\n","protected":false},"excerpt":{"rendered":"<p>&nbsp; Face \u00e0 la radicalisation, quelles r\u00e9ponses ? Newsletter de la Vigie de la La\u00efcit\u00e9 n\u00b023 Cher\u00b7e\u00b7s ami\u00b7e\u00b7s, Cher\u00b7e\u00b7s abonn\u00e9\u00b7e\u00b7s<\/p>\n","protected":false},"author":2,"featured_media":3974,"comment_status":"closed","ping_status":"closed","sticky":false,"template":"","format":"standard","meta":{"footnotes":""},"categories":[1],"tags":[],"class_list":["post-5267","post","type-post","status-publish","format-standard","has-post-thumbnail","hentry","category-non-classe"],"_links":{"self":[{"href":"https:\/\/www.ovlgc.org\/fr\/wp-json\/wp\/v2\/posts\/5267","targetHints":{"allow":["GET"]}}],"collection":[{"href":"https:\/\/www.ovlgc.org\/fr\/wp-json\/wp\/v2\/posts"}],"about":[{"href":"https:\/\/www.ovlgc.org\/fr\/wp-json\/wp\/v2\/types\/post"}],"author":[{"embeddable":true,"href":"https:\/\/www.ovlgc.org\/fr\/wp-json\/wp\/v2\/users\/2"}],"replies":[{"embeddable":true,"href":"https:\/\/www.ovlgc.org\/fr\/wp-json\/wp\/v2\/comments?post=5267"}],"version-history":[{"count":1,"href":"https:\/\/www.ovlgc.org\/fr\/wp-json\/wp\/v2\/posts\/5267\/revisions"}],"predecessor-version":[{"id":5268,"href":"https:\/\/www.ovlgc.org\/fr\/wp-json\/wp\/v2\/posts\/5267\/revisions\/5268"}],"wp:featuredmedia":[{"embeddable":true,"href":"https:\/\/www.ovlgc.org\/fr\/wp-json\/wp\/v2\/media\/3974"}],"wp:attachment":[{"href":"https:\/\/www.ovlgc.org\/fr\/wp-json\/wp\/v2\/media?parent=5267"}],"wp:term":[{"taxonomy":"category","embeddable":true,"href":"https:\/\/www.ovlgc.org\/fr\/wp-json\/wp\/v2\/categories?post=5267"},{"taxonomy":"post_tag","embeddable":true,"href":"https:\/\/www.ovlgc.org\/fr\/wp-json\/wp\/v2\/tags?post=5267"}],"curies":[{"name":"wp","href":"https:\/\/api.w.org\/{rel}","templated":true}]}}