{"id":5159,"date":"2024-06-18T09:39:07","date_gmt":"2024-06-18T07:39:07","guid":{"rendered":"https:\/\/www.ovlgc.org\/fr\/?p=5159"},"modified":"2026-03-27T11:11:51","modified_gmt":"2026-03-27T10:11:51","slug":"hommage-a-jean-zay-le-20-juin-2024-aux-sables-dolonne","status":"publish","type":"post","link":"https:\/\/www.ovlgc.org\/fr\/hommage-a-jean-zay-le-20-juin-2024-aux-sables-dolonne\/","title":{"rendered":"Hommage \u00e0 Jean Zay le 20 juin 2024 aux Sables d&rsquo;Olonne"},"content":{"rendered":"<p>Un grand nombre d&rsquo;associations la\u00efques, dont l&rsquo;OVLGC, se sont regroup\u00e9es pour organiser cet hommage \u00e0 Jean Zay. Vous trouverez ci-apr\u00e8s la lettre d&rsquo;invitation pour cet \u00e9v\u00e8nement ainsi que l&rsquo;article du Journal des Sables pour sa venue en 1939 \u00e0 l&rsquo;inauguration d&rsquo;une colonie de vacances pr\u00e8s de Tanchet.<\/p>\n<a href=\"https:\/\/www.ovlgc.org\/fr\/wp-content\/uploads\/2024\/06\/INVITATION-HOMMAGE-A-JEAN-ZAY-LE-20-JUIN-2024.pdf\" class=\"pdfemb-viewer\" style=\"\" data-width=\"max\" data-height=\"max\" data-toolbar=\"bottom\" data-toolbar-fixed=\"off\">INVITATION-HOMMAGE-A-JEAN-ZAY-LE-20-JUIN-2024<\/a>\n<a href=\"https:\/\/www.ovlgc.org\/fr\/wp-content\/uploads\/2024\/06\/INAUGURATION-COLONIE-ET-JOURNAL-DES-SABLES-21-JUILLET-1939.pdf\" class=\"pdfemb-viewer\" style=\"\" data-width=\"max\" data-height=\"max\" data-toolbar=\"bottom\" data-toolbar-fixed=\"off\">INAUGURATION COLONIE ET JOURNAL DES SABLES 21 JUILLET 1939<\/a>\n<p>&nbsp;<\/p>\n<p>&nbsp;<\/p>\n<p>&nbsp;<\/p>\n","protected":false},"excerpt":{"rendered":"<p>Un grand nombre d&rsquo;associations la\u00efques, dont l&rsquo;OVLGC, se sont regroup\u00e9es pour organiser cet hommage \u00e0 Jean Zay. Vous trouverez ci-apr\u00e8s<\/p>\n","protected":false},"author":2,"featured_media":5172,"comment_status":"closed","ping_status":"closed","sticky":false,"template":"","format":"standard","meta":{"footnotes":""},"categories":[96],"tags":[],"class_list":["post-5159","post","type-post","status-publish","format-standard","has-post-thumbnail","hentry","category-evenements-de-2024"],"_links":{"self":[{"href":"https:\/\/www.ovlgc.org\/fr\/wp-json\/wp\/v2\/posts\/5159","targetHints":{"allow":["GET"]}}],"collection":[{"href":"https:\/\/www.ovlgc.org\/fr\/wp-json\/wp\/v2\/posts"}],"about":[{"href":"https:\/\/www.ovlgc.org\/fr\/wp-json\/wp\/v2\/types\/post"}],"author":[{"embeddable":true,"href":"https:\/\/www.ovlgc.org\/fr\/wp-json\/wp\/v2\/users\/2"}],"replies":[{"embeddable":true,"href":"https:\/\/www.ovlgc.org\/fr\/wp-json\/wp\/v2\/comments?post=5159"}],"version-history":[{"count":3,"href":"https:\/\/www.ovlgc.org\/fr\/wp-json\/wp\/v2\/posts\/5159\/revisions"}],"predecessor-version":[{"id":5167,"href":"https:\/\/www.ovlgc.org\/fr\/wp-json\/wp\/v2\/posts\/5159\/revisions\/5167"}],"wp:featuredmedia":[{"embeddable":true,"href":"https:\/\/www.ovlgc.org\/fr\/wp-json\/wp\/v2\/media\/5172"}],"wp:attachment":[{"href":"https:\/\/www.ovlgc.org\/fr\/wp-json\/wp\/v2\/media?parent=5159"}],"wp:term":[{"taxonomy":"category","embeddable":true,"href":"https:\/\/www.ovlgc.org\/fr\/wp-json\/wp\/v2\/categories?post=5159"},{"taxonomy":"post_tag","embeddable":true,"href":"https:\/\/www.ovlgc.org\/fr\/wp-json\/wp\/v2\/tags?post=5159"}],"curies":[{"name":"wp","href":"https:\/\/api.w.org\/{rel}","templated":true}]}}