{"id":4827,"date":"2023-08-31T12:58:15","date_gmt":"2023-08-31T10:58:15","guid":{"rendered":"https:\/\/www.ovlgc.org\/fr\/?p=4827"},"modified":"2023-10-25T10:21:47","modified_gmt":"2023-10-25T08:21:47","slug":"le-port-de-labaya-a-lecole","status":"publish","type":"post","link":"https:\/\/www.ovlgc.org\/fr\/le-port-de-labaya-a-lecole\/","title":{"rendered":"Le port de l&rsquo;Abaya \u00e0 l&rsquo;\u00e9cole"},"content":{"rendered":"<table border=\"0\" width=\"100%\" cellspacing=\"0\" cellpadding=\"0\" align=\"center\">\n<tbody>\n<tr>\n<td valign=\"top\">\n<table border=\"0\" width=\"100%\" cellspacing=\"0\" cellpadding=\"0\">\n<tbody>\n<tr>\n<td colspan=\"12\" valign=\"top\" width=\"100%\">\n<table border=\"0\" width=\"100%\" cellspacing=\"0\" cellpadding=\"0\">\n<tbody>\n<tr>\n<td align=\"center\" valign=\"top\"><img decoding=\"async\" src=\"https:\/\/mcusercontent.com\/854e866bca910c5970cac5e67\/images\/29f5d6da-5cef-8b3c-f804-e0a0d9120df3.png\" alt=\"\" width=\"96\" height=\"auto\" \/><\/td>\n<\/tr>\n<tr>\n<td valign=\"top\">\n<div>\n<h1>Sur l\u2019interdiction g\u00e9n\u00e9rale du port de l\u2019\u00ab\u00a0abaya\u00a0\u00bb \u00e0 l\u2019\u00e9cole annonc\u00e9e le 27 ao\u00fbt 2023 par le ministre de l\u2019\u00c9ducation nationale<\/h1>\n<p>Communiqu\u00e9 du 28 ao\u00fbt 2023<\/p>\n<\/div>\n<\/td>\n<\/tr>\n<tr>\n<td valign=\"top\">\n<table border=\"0\" width=\"100%\" cellspacing=\"0\" cellpadding=\"0\">\n<tbody>\n<tr>\n<td valign=\"top\"><\/td>\n<\/tr>\n<\/tbody>\n<\/table>\n<\/td>\n<\/tr>\n<\/tbody>\n<\/table>\n<\/td>\n<\/tr>\n<\/tbody>\n<\/table>\n<\/td>\n<\/tr>\n<\/tbody>\n<\/table>\n<table border=\"0\" width=\"100%\" cellspacing=\"0\" cellpadding=\"0\" align=\"center\">\n<tbody>\n<tr>\n<td valign=\"top\">\n<table border=\"0\" width=\"100%\" cellspacing=\"0\" cellpadding=\"0\">\n<tbody>\n<tr>\n<td colspan=\"12\" valign=\"top\" width=\"100%\">\n<table border=\"0\" width=\"100%\" cellspacing=\"0\" cellpadding=\"0\">\n<tbody>\n<tr>\n<td valign=\"top\">\n<div>\n<p><strong>Cher\u00b7e\u00b7s ami\u00b7e\u00b7s,<br \/>\nCher\u00b7e\u00b7s abonn\u00e9\u00b7e\u00b7s \u00e0 notre newsletter,<\/strong><\/p>\n<p>La loi du 15 mars 2004 interdit aux \u00e9l\u00e8ves des \u00e9coles, coll\u00e8ges et lyc\u00e9es publics de manifester ostensiblement une appartenance religieuse par le port de signes ou de tenues. Sont autoris\u00e9s les signes discrets (par exemple de petits pendentifs) et interdits les signes ostensibles (par exemple, une grande croix, un voile ou un foulard, une kippa, un turban sikh). La circulaire d&rsquo;application de la loi pr\u00e9cise que sont d\u00e8s lors interdits les signes ou tenues qui ne peuvent \u00eatre commun\u00e9ment port\u00e9\u00b7es par des \u00e9l\u00e8ves en dehors de toute signification religieuse.<\/p>\n<p>Lorsque des accessoires qui peuvent \u00eatre commun\u00e9ment port\u00e9\u00b7es par des \u00e9l\u00e8ves en dehors de toute signification religieuse sont interdits, ils ne peuvent l&rsquo;\u00eatre que lorsque le comportement des \u00e9l\u00e8ves manifeste ostensiblement une appartenance religieuse. Ainsi, un\u00b7e \u00e9l\u00e8ve qui porte syst\u00e9matiquement un couvre-chef pour couvrir ses cheveux et remplacer un voile ou un turban peut \u00eatre sanctionn\u00e9\u00b7e au titre de la loi de 2004. De m\u00eame, le port d&rsquo;une robe couvrante que certain\u00b7es qualifieraient d&rsquo;\u00ab abaya \u00bb peut \u00eatre interdit s&rsquo;il est syst\u00e9matique et s&rsquo;oppose, par exemple, au port d&rsquo;une tenue adapt\u00e9e en \u00e9ducation physique et sportive ou en travaux pratiques. Il en est de m\u00eame si des propos marquant une appartenance religieuse accompagnent ce port de tenue.<\/p>\n<p>Dimanche soir, le ministre Gabriel Attal a annonc\u00e9 une interdiction semble-t-il g\u00e9n\u00e9ral du port de l&rsquo;abaya. La Vigie de la la\u00efcit\u00e9 sera attentive \u00e0 la circulaire pr\u00e9cisant cette interdiction et la d\u00e9finition donn\u00e9e \u00e0 &lsquo;l&rsquo;abaya&rsquo;. En effet, seuls des crit\u00e8res objectifs d\u00e9finissant une tenue ne pouvant factuellement pas \u00eatre commun\u00e9ment port\u00e9\u00b7es par des \u00e9l\u00e8ves en dehors de toute signification religieuse pourraient soutenir une telle interdiction sans s&rsquo;opposer au principe de la\u00efcit\u00e9 et \u00e0 la loi du 15 mars 2004.<\/p>\n<p>Ainsi, une interdiction g\u00e9n\u00e9rale, sans prise en compte d&rsquo;un comportement marquant une appartenance religieuse, de toute robe couvrante pouvant \u00eatre commun\u00e9ment port\u00e9\u00b7es par des \u00e9l\u00e8ves en dehors de toute signification religieuse renverrait \u00e0 une police du v\u00eatement parfaitement contre-productive, suscitant les provocations d&rsquo;\u00e9l\u00e8ves et entra\u00eenant davantage de replis en r\u00e9action.<\/p>\n<p>Surtout, la Vigie de la la\u00efcit\u00e9 rappelle que la fa\u00e7on la plus efficace de lutter contre tout repli communautaire r\u00e9side dans le renforcement urgent de la mixit\u00e9 socio-culturelle \u00e0 l&rsquo;\u00e9cole. Dans chaque \u00e9tablissement o\u00f9 elle a \u00e9t\u00e9 renforc\u00e9e, les atteintes \u00e0 la la\u00efcit\u00e9 ont drastiquement chut\u00e9. Cette annonce du ministre de l&rsquo;\u00c9ducation nationale ne doit donc pas \u00eatre une fa\u00e7on de n\u00e9gliger cette action de fond.<\/p>\n<p><em>La Vigie de la La\u00efcit\u00e9<\/em><\/p>\n<\/div>\n<\/td>\n<\/tr>\n<\/tbody>\n<\/table>\n<\/td>\n<\/tr>\n<\/tbody>\n<\/table>\n<\/td>\n<\/tr>\n<\/tbody>\n<\/table>\n<table border=\"0\" width=\"100%\" cellspacing=\"0\" cellpadding=\"0\" align=\"center\">\n<tbody>\n<tr>\n<td valign=\"top\">\n<table border=\"0\" width=\"100%\" cellspacing=\"0\" cellpadding=\"0\">\n<tbody>\n<tr>\n<td colspan=\"12\" valign=\"top\" width=\"100%\">\n<table border=\"0\" width=\"100%\" cellspacing=\"0\" cellpadding=\"0\">\n<tbody>\n<tr>\n<td align=\"center\" valign=\"top\">\n<table border=\"0\" cellspacing=\"0\" cellpadding=\"0\" align=\"center\">\n<tbody>\n<tr>\n<td valign=\"top\"><a tabindex=\"9999\" href=\"https:\/\/vigie-laicite.us14.list-manage.com\/track\/click?u=854e866bca910c5970cac5e67&amp;id=d42482d3ec&amp;e=889b834833\" target=\"_blank\" rel=\"noopener\">Lire le communiqu\u00e9 sur notre site internet<\/a><\/td>\n<\/tr>\n<\/tbody>\n<\/table>\n<\/td>\n<\/tr>\n<tr>\n<td valign=\"top\"><\/td>\n<\/tr>\n<\/tbody>\n<\/table>\n<\/td>\n<\/tr>\n<\/tbody>\n<\/table>\n<\/td>\n<\/tr>\n<\/tbody>\n<\/table>\n","protected":false},"excerpt":{"rendered":"<p>Sur l\u2019interdiction g\u00e9n\u00e9rale du port de l\u2019\u00ab\u00a0abaya\u00a0\u00bb \u00e0 l\u2019\u00e9cole annonc\u00e9e le 27 ao\u00fbt 2023 par le ministre de l\u2019\u00c9ducation nationale<\/p>\n","protected":false},"author":2,"featured_media":3974,"comment_status":"closed","ping_status":"closed","sticky":false,"template":"","format":"standard","meta":{"footnotes":""},"categories":[1],"tags":[],"class_list":["post-4827","post","type-post","status-publish","format-standard","has-post-thumbnail","hentry","category-non-classe"],"_links":{"self":[{"href":"https:\/\/www.ovlgc.org\/fr\/wp-json\/wp\/v2\/posts\/4827","targetHints":{"allow":["GET"]}}],"collection":[{"href":"https:\/\/www.ovlgc.org\/fr\/wp-json\/wp\/v2\/posts"}],"about":[{"href":"https:\/\/www.ovlgc.org\/fr\/wp-json\/wp\/v2\/types\/post"}],"author":[{"embeddable":true,"href":"https:\/\/www.ovlgc.org\/fr\/wp-json\/wp\/v2\/users\/2"}],"replies":[{"embeddable":true,"href":"https:\/\/www.ovlgc.org\/fr\/wp-json\/wp\/v2\/comments?post=4827"}],"version-history":[{"count":1,"href":"https:\/\/www.ovlgc.org\/fr\/wp-json\/wp\/v2\/posts\/4827\/revisions"}],"predecessor-version":[{"id":4829,"href":"https:\/\/www.ovlgc.org\/fr\/wp-json\/wp\/v2\/posts\/4827\/revisions\/4829"}],"wp:featuredmedia":[{"embeddable":true,"href":"https:\/\/www.ovlgc.org\/fr\/wp-json\/wp\/v2\/media\/3974"}],"wp:attachment":[{"href":"https:\/\/www.ovlgc.org\/fr\/wp-json\/wp\/v2\/media?parent=4827"}],"wp:term":[{"taxonomy":"category","embeddable":true,"href":"https:\/\/www.ovlgc.org\/fr\/wp-json\/wp\/v2\/categories?post=4827"},{"taxonomy":"post_tag","embeddable":true,"href":"https:\/\/www.ovlgc.org\/fr\/wp-json\/wp\/v2\/tags?post=4827"}],"curies":[{"name":"wp","href":"https:\/\/api.w.org\/{rel}","templated":true}]}}