{"id":4767,"date":"2023-05-16T18:42:49","date_gmt":"2023-05-16T16:42:49","guid":{"rendered":"https:\/\/www.ovlgc.org\/fr\/?p=4767"},"modified":"2023-05-17T15:43:43","modified_gmt":"2023-05-17T13:43:43","slug":"la-vigie-de-la-laicite-dement-un-article-recent-du-point","status":"publish","type":"post","link":"https:\/\/www.ovlgc.org\/fr\/la-vigie-de-la-laicite-dement-un-article-recent-du-point\/","title":{"rendered":"La Vigie de la La\u00efcit\u00e9 d\u00e9ment un article r\u00e9cent du Point"},"content":{"rendered":"<table role=\"presentation\" border=\"0\" width=\"100%\" cellspacing=\"0\" cellpadding=\"0\" align=\"center\">\n<tbody>\n<tr>\n<td valign=\"top\">\n<table role=\"presentation\" border=\"0\" width=\"100%\" cellspacing=\"0\" cellpadding=\"0\">\n<tbody>\n<tr>\n<td colspan=\"12\" valign=\"top\" width=\"100%\">\n<table role=\"presentation\" border=\"0\" width=\"100%\" cellspacing=\"0\" cellpadding=\"0\">\n<tbody>\n<tr>\n<td valign=\"top\">\n<div id=\"m_4994382341012407494dataBlockId-2\">\n<p>&nbsp;<\/p>\n<\/div>\n<\/td>\n<\/tr>\n<\/tbody>\n<\/table>\n<\/td>\n<\/tr>\n<\/tbody>\n<\/table>\n<\/td>\n<\/tr>\n<\/tbody>\n<\/table>\n<table role=\"presentation\" border=\"0\" width=\"100%\" cellspacing=\"0\" cellpadding=\"0\" align=\"center\">\n<tbody>\n<tr>\n<td valign=\"top\">\n<table role=\"presentation\" border=\"0\" width=\"100%\" cellspacing=\"0\" cellpadding=\"0\">\n<tbody>\n<tr>\n<td colspan=\"12\" valign=\"top\" width=\"100%\">\n<table role=\"presentation\" border=\"0\" width=\"100%\" cellspacing=\"0\" cellpadding=\"0\">\n<tbody>\n<tr>\n<td align=\"center\" valign=\"top\"><img decoding=\"async\" class=\"CToWUd\" role=\"presentation\" src=\"https:\/\/ci4.googleusercontent.com\/proxy\/yTE_nCTYyXAPaIAL0KmgR-S-TGaCvBgloamq0z_d8u7KksYeOUp6GSkAGxE3NMsA8axne3ODtksYv_r5GvACK24p-xCY09nIfsDgCSzca4fDWuQBeDGAjVUP_ktbTOv-MOYewHFocliEDtaubybWquzUCzWT3vSm3a9OwNQYFQI99eVCp_u-mg=s0-d-e1-ft#https:\/\/dim.mcusercontent.com\/cs\/854e866bca910c5970cac5e67\/images\/29f5d6da-5cef-8b3c-f804-e0a0d9120df3.png?w=96&amp;dpr=2\" alt=\"\" width=\"96\" data-bit=\"iit\" \/><\/td>\n<\/tr>\n<tr>\n<td valign=\"top\">\n<div id=\"m_4994382341012407494dataBlockId-5\">\n<h1><\/h1>\n<p>Communiqu\u00e9 du 15 mai 2023<\/p>\n<\/div>\n<\/td>\n<\/tr>\n<tr>\n<td valign=\"top\">\n<table role=\"presentation\" border=\"0\" width=\"100%\" cellspacing=\"0\" cellpadding=\"0\">\n<tbody>\n<tr>\n<td valign=\"top\"><\/td>\n<\/tr>\n<\/tbody>\n<\/table>\n<\/td>\n<\/tr>\n<\/tbody>\n<\/table>\n<\/td>\n<\/tr>\n<\/tbody>\n<\/table>\n<\/td>\n<\/tr>\n<\/tbody>\n<\/table>\n<table role=\"presentation\" border=\"0\" width=\"100%\" cellspacing=\"0\" cellpadding=\"0\" align=\"center\">\n<tbody>\n<tr>\n<td valign=\"top\">\n<table role=\"presentation\" border=\"0\" width=\"100%\" cellspacing=\"0\" cellpadding=\"0\">\n<tbody>\n<tr>\n<td colspan=\"12\" valign=\"top\" width=\"100%\">\n<table role=\"presentation\" border=\"0\" width=\"100%\" cellspacing=\"0\" cellpadding=\"0\">\n<tbody>\n<tr>\n<td valign=\"top\">\n<div id=\"m_4994382341012407494dataBlockId-9\">\n<p><strong>Cher\u00b7e\u00b7s ami\u00b7e\u00b7s, Cher\u00b7e\u00b7s abonn\u00e9\u00b7e\u00b7s \u00e0 notre newsletter,<\/strong>\u00a0La Vigie de la La\u00efcit\u00e9 et les membres de son Conseil d\u2019Administration ont \u00e9t\u00e9 gravement mis en cause dans le magazine Le Point de cette semaine \u00e0 travers l\u2019une de ses antennes locales.<\/p>\n<p>&nbsp;<\/p>\n<p>En r\u00e9ponse \u00e0 des propos \u00e9videmment mensongers, la Vigie de la La\u00efcit\u00e9 rappelle qu&rsquo;il suffit d\u2019aller sur son site pour conna\u00eetre les membres du conseil d\u2019administration et leurs activit\u00e9s reconnues d\u2019analyse et d\u2019expertise sur la la\u00efcit\u00e9 :<\/p>\n<\/div>\n<\/td>\n<\/tr>\n<tr>\n<td align=\"center\" valign=\"top\">\n<table role=\"presentation\" border=\"0\" cellspacing=\"0\" cellpadding=\"0\" align=\"center\">\n<tbody>\n<tr>\n<td valign=\"top\"><a href=\"https:\/\/vigie-laicite.us14.list-manage.com\/track\/click?u=854e866bca910c5970cac5e67&amp;id=e1d64123bb&amp;e=889b834833\" target=\"_blank\" rel=\"noopener\" data-saferedirecturl=\"https:\/\/www.google.com\/url?q=https:\/\/vigie-laicite.us14.list-manage.com\/track\/click?u%3D854e866bca910c5970cac5e67%26id%3De1d64123bb%26e%3D889b834833&amp;source=gmail&amp;ust=1684341399017000&amp;usg=AOvVaw3C2uPE6Kuc9FZCE1SQAdia\">Page \u201cQui Sommes-Nous ?\u201d de notre site internet<\/a><\/td>\n<\/tr>\n<\/tbody>\n<\/table>\n<\/td>\n<\/tr>\n<tr>\n<td valign=\"top\">\n<div id=\"m_4994382341012407494dataBlockId-38\">\n<p>Nous d\u00e9non\u00e7ons ici une volont\u00e9 de nuire \u00e0 un organisme citoyen \u00e9quilibr\u00e9. Nous rappelons enfin que cet organisme, qui se veut un espace de d\u00e9bat serein et \u00e9clair\u00e9 sur la la\u00efcit\u00e9, a toujours refus\u00e9 de s\u2019inscrire dans des pol\u00e9miques de nature partisane.<\/p>\n<p>&nbsp;<\/p>\n<p>&nbsp;<\/p>\n<p><em>La Vigie de la La\u00efcit\u00e9<\/em><\/p>\n<\/div>\n<p>&nbsp;<\/p>\n<p>Par ailleurs, Gilles Bourmaud d\u00e9nonce l&rsquo;amalgame fait par le Point. La personnalit\u00e9 mise en cause est membre de la Vigie de la La\u00efcit\u00e9 13. Comme l&rsquo;Observatoire Vend\u00e9en de la La\u00efcit\u00e9 Georges Clemenceau, cette association est antenne locale de la Vigie de la La\u00efcit\u00e9, c&rsquo;est-\u00e0-dire qu&rsquo;elle b\u00e9n\u00e9ficie du label de l&rsquo;association nationale, sans en faire partie juridiquement<\/p>\n<p>&nbsp;<\/p>\n<p>Pour d\u00e9couvrir l&rsquo;article inexact de cette antenne du Point, vous pouvez <a href=\"https:\/\/www.fdesouche.com\/2023\/05\/14\/un-imam-historiquement-proche-des-freres-musulmans-en-france-est-membre-dune-association-promouvant-la-laicite-presidee-par-un-ancien-ministre-socialiste\/\">cliquer ici.<\/a><\/td>\n<\/tr>\n<\/tbody>\n<\/table>\n<\/td>\n<\/tr>\n<\/tbody>\n<\/table>\n<\/td>\n<\/tr>\n<\/tbody>\n<\/table>\n","protected":false},"excerpt":{"rendered":"<p>&nbsp; Communiqu\u00e9 du 15 mai 2023 Cher\u00b7e\u00b7s ami\u00b7e\u00b7s, Cher\u00b7e\u00b7s abonn\u00e9\u00b7e\u00b7s \u00e0 notre newsletter,\u00a0La Vigie de la La\u00efcit\u00e9 et les membres<\/p>\n","protected":false},"author":2,"featured_media":3974,"comment_status":"closed","ping_status":"closed","sticky":false,"template":"","format":"standard","meta":{"footnotes":""},"categories":[1],"tags":[],"class_list":["post-4767","post","type-post","status-publish","format-standard","has-post-thumbnail","hentry","category-non-classe"],"_links":{"self":[{"href":"https:\/\/www.ovlgc.org\/fr\/wp-json\/wp\/v2\/posts\/4767","targetHints":{"allow":["GET"]}}],"collection":[{"href":"https:\/\/www.ovlgc.org\/fr\/wp-json\/wp\/v2\/posts"}],"about":[{"href":"https:\/\/www.ovlgc.org\/fr\/wp-json\/wp\/v2\/types\/post"}],"author":[{"embeddable":true,"href":"https:\/\/www.ovlgc.org\/fr\/wp-json\/wp\/v2\/users\/2"}],"replies":[{"embeddable":true,"href":"https:\/\/www.ovlgc.org\/fr\/wp-json\/wp\/v2\/comments?post=4767"}],"version-history":[{"count":7,"href":"https:\/\/www.ovlgc.org\/fr\/wp-json\/wp\/v2\/posts\/4767\/revisions"}],"predecessor-version":[{"id":4774,"href":"https:\/\/www.ovlgc.org\/fr\/wp-json\/wp\/v2\/posts\/4767\/revisions\/4774"}],"wp:featuredmedia":[{"embeddable":true,"href":"https:\/\/www.ovlgc.org\/fr\/wp-json\/wp\/v2\/media\/3974"}],"wp:attachment":[{"href":"https:\/\/www.ovlgc.org\/fr\/wp-json\/wp\/v2\/media?parent=4767"}],"wp:term":[{"taxonomy":"category","embeddable":true,"href":"https:\/\/www.ovlgc.org\/fr\/wp-json\/wp\/v2\/categories?post=4767"},{"taxonomy":"post_tag","embeddable":true,"href":"https:\/\/www.ovlgc.org\/fr\/wp-json\/wp\/v2\/tags?post=4767"}],"curies":[{"name":"wp","href":"https:\/\/api.w.org\/{rel}","templated":true}]}}