{"id":4745,"date":"2023-05-23T11:03:50","date_gmt":"2023-05-23T09:03:50","guid":{"rendered":"https:\/\/www.ovlgc.org\/fr\/?p=4745"},"modified":"2026-03-27T17:00:04","modified_gmt":"2026-03-27T16:00:04","slug":"la-conference-de-valentine-zuber-sur-laicite-et-medias","status":"publish","type":"post","link":"https:\/\/www.ovlgc.org\/fr\/la-conference-de-valentine-zuber-sur-laicite-et-medias\/","title":{"rendered":"La conf\u00e9rence de Valentine Zuber sur \u00ab\u00a0la\u00efcit\u00e9 et m\u00e9dias\u00a0\u00bb"},"content":{"rendered":"<p>La la\u00efcit\u00e9 est invoqu\u00e9e, manipul\u00e9e, d\u00e9form\u00e9e, instrumentalis\u00e9e\u2026 parfois comme si elle pouvait \u00e0 elle seule r\u00e9soudre les probl\u00e8mes de notre soci\u00e9t\u00e9.<\/p>\n<p>&nbsp;<\/p>\n<p>Comment les m\u00e9dias en parlent-ils?<\/p>\n<a href=\"https:\/\/www.ovlgc.org\/fr\/wp-content\/uploads\/2023\/04\/Communique-de-presse-1.pdf\" class=\"pdfemb-viewer\" style=\"\" data-width=\"max\" data-height=\"max\" data-toolbar=\"bottom\" data-toolbar-fixed=\"off\">Communiqu\u00e9 de presse (1)<\/a>\n<a href=\"https:\/\/www.ovlgc.org\/fr\/wp-content\/uploads\/2023\/04\/presentation-de-la-formation-sur-la-laicite-1.pdf\" class=\"pdfemb-viewer\" style=\"\" data-width=\"max\" data-height=\"max\" data-toolbar=\"bottom\" data-toolbar-fixed=\"off\">pr\u00e9sentation de la formation sur la la\u00efcit\u00e9 (1)<\/a>\n<p>&nbsp;<\/p>\n<p><strong>Pour participer \u00e0 cette journ\u00e9e ou soir\u00e9e, vous pouvez vous inscrire <a href=\"https:\/\/framaforms.org\/laicite-et-medias-avec-valentine-zuber-1604586033\">en cliquant ici<\/a> ou en scannant le QRCode de l&rsquo;affiche:<\/strong><\/p>\n<a href=\"https:\/\/www.ovlgc.org\/fr\/wp-content\/uploads\/2023\/04\/2023-05-12-Conference-V-ZUBER.pdf\" class=\"pdfemb-viewer\" style=\"\" data-width=\"max\" data-height=\"max\" data-toolbar=\"bottom\" data-toolbar-fixed=\"off\">2023 05 12 Conference V ZUBER<\/a>\n<p>&nbsp;<\/p>\n<p><em>Vous trouverez en r\u00e9sum\u00e9 la teneur des propos de Valentine Zuber ainsi que quelques photos de la soir\u00e9e:<\/em><\/p>\n<p>&nbsp;<\/p>\n<p>Pour Valentine Zuber, il n\u2019est pas peu dire que la la\u00efcit\u00e9 fait aujourd\u2019hui l\u2019objet d\u2019une surench\u00e8re m\u00e9diatique.<\/p>\n<p>D\u00e8s le d\u00e9but du XX\u00e8me si\u00e8cle, la presse a m\u00eame \u00e9t\u00e9 acteur du d\u00e9bat politique. Ainsi, c\u2019est le journal Le Si\u00e8cle qui a entra\u00een\u00e9 l\u2019abandon du projet Combes.<\/p>\n<p>A la fin des ann\u00e9es 1950, c\u2019est la guerre des 2 \u00e9coles mais \u00e0 partir de 1989, l\u2019\u00e9cole est abandonn\u00e9e pour le voile.<\/p>\n<p>L\u2019automaticit\u00e9 la\u00efcit\u00e9 = lutte contre l\u2019islam est largement relay\u00e9e par les m\u00e9dias. La la\u00efcit\u00e9 devient une la\u00efcit\u00e9 de combat\u00a0: lois de 2004, 2010 et 2021.<\/p>\n<p>En m\u00eame temps, apparaissent des \u00a0m\u00e9dias de tendance, qui ne sont plus une presse d\u2019opinion, et les r\u00e9seaux sociaux.<\/p>\n<p>La la\u00efcit\u00e9 est aujourd\u2019hui le plus souvent instrumentalis\u00e9e, le droit est supplant\u00e9 par les opinions.<\/p>\n<p>&nbsp;<\/p>\n<p>La table ronde qui a suivi a illustr\u00e9 la frilosit\u00e9 de la presse d\u00e9partementale sur la la\u00efcit\u00e9.<\/p>\n<p>Tout d\u2019abord par l\u2019absence des m\u00e9dias, \u00e0 l\u2019exception du Sans Culotte.<\/p>\n<p>Ensuite , la d\u00e9monstration a \u00e9t\u00e9 faite qu\u2019en dehors de pol\u00e9miques saillantes, il \u00e9tait quasi-impossible de parler localement du fond.<\/p>\n<p><img loading=\"lazy\" decoding=\"async\" class=\"size-medium wp-image-4787 alignnone\" src=\"https:\/\/www.ovlgc.org\/fr\/wp-content\/uploads\/2023\/05\/photo-conference-1-300x225.jpg\" alt=\"\" width=\"300\" height=\"225\" srcset=\"https:\/\/www.ovlgc.org\/fr\/wp-content\/uploads\/2023\/05\/photo-conference-1-300x225.jpg 300w, https:\/\/www.ovlgc.org\/fr\/wp-content\/uploads\/2023\/05\/photo-conference-1-1024x768.jpg 1024w, https:\/\/www.ovlgc.org\/fr\/wp-content\/uploads\/2023\/05\/photo-conference-1-150x113.jpg 150w, https:\/\/www.ovlgc.org\/fr\/wp-content\/uploads\/2023\/05\/photo-conference-1-768x576.jpg 768w, https:\/\/www.ovlgc.org\/fr\/wp-content\/uploads\/2023\/05\/photo-conference-1-1536x1152.jpg 1536w, https:\/\/www.ovlgc.org\/fr\/wp-content\/uploads\/2023\/05\/photo-conference-1.jpg 1920w\" sizes=\"auto, (max-width: 300px) 100vw, 300px\" \/><img loading=\"lazy\" decoding=\"async\" class=\"size-medium wp-image-4786 alignleft\" src=\"https:\/\/www.ovlgc.org\/fr\/wp-content\/uploads\/2023\/05\/photo-conference-2-135x300.jpg\" alt=\"\" width=\"135\" height=\"300\" srcset=\"https:\/\/www.ovlgc.org\/fr\/wp-content\/uploads\/2023\/05\/photo-conference-2-135x300.jpg 135w, https:\/\/www.ovlgc.org\/fr\/wp-content\/uploads\/2023\/05\/photo-conference-2-461x1024.jpg 461w, https:\/\/www.ovlgc.org\/fr\/wp-content\/uploads\/2023\/05\/photo-conference-2-68x150.jpg 68w, https:\/\/www.ovlgc.org\/fr\/wp-content\/uploads\/2023\/05\/photo-conference-2-768x1707.jpg 768w, https:\/\/www.ovlgc.org\/fr\/wp-content\/uploads\/2023\/05\/photo-conference-2-691x1536.jpg 691w, https:\/\/www.ovlgc.org\/fr\/wp-content\/uploads\/2023\/05\/photo-conference-2-922x2048.jpg 922w, https:\/\/www.ovlgc.org\/fr\/wp-content\/uploads\/2023\/05\/photo-conference-2-scaled.jpg 1152w\" sizes=\"auto, (max-width: 135px) 100vw, 135px\" \/><img loading=\"lazy\" decoding=\"async\" class=\"size-medium wp-image-4789 alignnone\" src=\"https:\/\/www.ovlgc.org\/fr\/wp-content\/uploads\/2023\/05\/photo-conference-3-300x135.jpg\" alt=\"\" width=\"300\" height=\"135\" srcset=\"https:\/\/www.ovlgc.org\/fr\/wp-content\/uploads\/2023\/05\/photo-conference-3-300x135.jpg 300w, https:\/\/www.ovlgc.org\/fr\/wp-content\/uploads\/2023\/05\/photo-conference-3-1024x461.jpg 1024w, https:\/\/www.ovlgc.org\/fr\/wp-content\/uploads\/2023\/05\/photo-conference-3-150x68.jpg 150w, https:\/\/www.ovlgc.org\/fr\/wp-content\/uploads\/2023\/05\/photo-conference-3-768x346.jpg 768w, https:\/\/www.ovlgc.org\/fr\/wp-content\/uploads\/2023\/05\/photo-conference-3-1536x691.jpg 1536w, https:\/\/www.ovlgc.org\/fr\/wp-content\/uploads\/2023\/05\/photo-conference-3-2048x922.jpg 2048w\" sizes=\"auto, (max-width: 300px) 100vw, 300px\" \/><\/p>\n<p>&nbsp;<\/p>\n","protected":false},"excerpt":{"rendered":"<p>La la\u00efcit\u00e9 est invoqu\u00e9e, manipul\u00e9e, d\u00e9form\u00e9e, instrumentalis\u00e9e\u2026 parfois comme si elle pouvait \u00e0 elle seule r\u00e9soudre les probl\u00e8mes de notre<\/p>\n","protected":false},"author":2,"featured_media":4755,"comment_status":"closed","ping_status":"closed","sticky":false,"template":"","format":"standard","meta":{"footnotes":""},"categories":[98],"tags":[],"class_list":["post-4745","post","type-post","status-publish","format-standard","has-post-thumbnail","hentry","category-evenements-de-2023"],"_links":{"self":[{"href":"https:\/\/www.ovlgc.org\/fr\/wp-json\/wp\/v2\/posts\/4745","targetHints":{"allow":["GET"]}}],"collection":[{"href":"https:\/\/www.ovlgc.org\/fr\/wp-json\/wp\/v2\/posts"}],"about":[{"href":"https:\/\/www.ovlgc.org\/fr\/wp-json\/wp\/v2\/types\/post"}],"author":[{"embeddable":true,"href":"https:\/\/www.ovlgc.org\/fr\/wp-json\/wp\/v2\/users\/2"}],"replies":[{"embeddable":true,"href":"https:\/\/www.ovlgc.org\/fr\/wp-json\/wp\/v2\/comments?post=4745"}],"version-history":[{"count":14,"href":"https:\/\/www.ovlgc.org\/fr\/wp-json\/wp\/v2\/posts\/4745\/revisions"}],"predecessor-version":[{"id":4790,"href":"https:\/\/www.ovlgc.org\/fr\/wp-json\/wp\/v2\/posts\/4745\/revisions\/4790"}],"wp:featuredmedia":[{"embeddable":true,"href":"https:\/\/www.ovlgc.org\/fr\/wp-json\/wp\/v2\/media\/4755"}],"wp:attachment":[{"href":"https:\/\/www.ovlgc.org\/fr\/wp-json\/wp\/v2\/media?parent=4745"}],"wp:term":[{"taxonomy":"category","embeddable":true,"href":"https:\/\/www.ovlgc.org\/fr\/wp-json\/wp\/v2\/categories?post=4745"},{"taxonomy":"post_tag","embeddable":true,"href":"https:\/\/www.ovlgc.org\/fr\/wp-json\/wp\/v2\/tags?post=4745"}],"curies":[{"name":"wp","href":"https:\/\/api.w.org\/{rel}","templated":true}]}}