{"id":4673,"date":"2023-03-09T11:34:21","date_gmt":"2023-03-09T10:34:21","guid":{"rendered":"https:\/\/www.ovlgc.org\/fr\/?p=4673"},"modified":"2023-04-11T11:56:44","modified_gmt":"2023-04-11T09:56:44","slug":"lecole-publique-lecole-de-la-republique","status":"publish","type":"post","link":"https:\/\/www.ovlgc.org\/fr\/lecole-publique-lecole-de-la-republique\/","title":{"rendered":"L\u2019\u00e9cole publique, l\u2019\u00e9cole de la R\u00e9publique"},"content":{"rendered":"<p style=\"font-weight: 400;\">En partenariat avec les Familles La\u00efques du Pays des Achards, l&rsquo;Observatoire Vend\u00e9en de la La\u00efcit\u00e9 Georges Cl\u00e9menceau vous propose une conf\u00e9rence gratuite sur le th\u00e8me \u00abL\u2019\u00e9cole publique, l\u2019\u00e9cole de la R\u00e9publique\u00bb <strong>\u00e0 l\u2019Espace culturel George Sand des Achards, le 12 avril 2023 \u00e0 20 h, <\/strong>avec Benoit Falaize.<\/p>\n<p style=\"font-weight: 400;\">Agr\u00e9g\u00e9 et docteur en histoire, enseignant \u00e0 l\u2019institut d\u2019\u00e9ducation de l\u2019ESPE de Versailles, au sein de l\u2019universit\u00e9 de Cergy-Pontoise, sp\u00e9cialiste des questions d&rsquo;\u00e9ducation civique et de citoyennet\u00e9, de l&rsquo;enseignement de l&rsquo;histoire, chercheur,\u00a0Benoit Falaize a \u00e9t\u00e9 nomm\u00e9 inspecteur g\u00e9n\u00e9ral par le conseil des ministres du 30 mars 2017. Il parlera de l\u2019\u00e9cole publique et \u00e9changera avec les participants.<strong>\u00a0<\/strong><\/p>\n<p style=\"font-weight: 400;\">Inscrivez-vous en nombre<a href=\"https:\/\/framaforms.org\/lecole-de-la-republique-avec-benoit-falaize-1604586033\"> en cliquant ici.<\/a><\/p>\n<p><img loading=\"lazy\" decoding=\"async\" class=\"alignnone size-medium wp-image-4675\" src=\"https:\/\/www.ovlgc.org\/fr\/wp-content\/uploads\/2023\/03\/2023-04-12-Conference-Benoit-FALAISE-212x300.jpg\" alt=\"\" width=\"212\" height=\"300\" srcset=\"https:\/\/www.ovlgc.org\/fr\/wp-content\/uploads\/2023\/03\/2023-04-12-Conference-Benoit-FALAISE-212x300.jpg 212w, https:\/\/www.ovlgc.org\/fr\/wp-content\/uploads\/2023\/03\/2023-04-12-Conference-Benoit-FALAISE-724x1024.jpg 724w, https:\/\/www.ovlgc.org\/fr\/wp-content\/uploads\/2023\/03\/2023-04-12-Conference-Benoit-FALAISE-106x150.jpg 106w, https:\/\/www.ovlgc.org\/fr\/wp-content\/uploads\/2023\/03\/2023-04-12-Conference-Benoit-FALAISE-768x1086.jpg 768w, https:\/\/www.ovlgc.org\/fr\/wp-content\/uploads\/2023\/03\/2023-04-12-Conference-Benoit-FALAISE-1086x1536.jpg 1086w, https:\/\/www.ovlgc.org\/fr\/wp-content\/uploads\/2023\/03\/2023-04-12-Conference-Benoit-FALAISE-1448x2048.jpg 1448w, https:\/\/www.ovlgc.org\/fr\/wp-content\/uploads\/2023\/03\/2023-04-12-Conference-Benoit-FALAISE.jpg 1587w\" sizes=\"auto, (max-width: 212px) 100vw, 212px\" \/><\/p>\n<p>D\u00e9couvrez quelques coupures de presse concernant cette conf\u00e9rence:<\/p>\n<p><img loading=\"lazy\" decoding=\"async\" class=\"alignnone size-medium wp-image-4733\" src=\"https:\/\/www.ovlgc.org\/fr\/wp-content\/uploads\/2023\/04\/Capture-d_ecran-Conference-Falaize-2-300x185.png\" alt=\"\" width=\"300\" height=\"185\" srcset=\"https:\/\/www.ovlgc.org\/fr\/wp-content\/uploads\/2023\/04\/Capture-d_ecran-Conference-Falaize-2-300x185.png 300w, https:\/\/www.ovlgc.org\/fr\/wp-content\/uploads\/2023\/04\/Capture-d_ecran-Conference-Falaize-2-150x93.png 150w, https:\/\/www.ovlgc.org\/fr\/wp-content\/uploads\/2023\/04\/Capture-d_ecran-Conference-Falaize-2-768x474.png 768w, https:\/\/www.ovlgc.org\/fr\/wp-content\/uploads\/2023\/04\/Capture-d_ecran-Conference-Falaize-2.png 1008w\" sizes=\"auto, (max-width: 300px) 100vw, 300px\" \/><img loading=\"lazy\" decoding=\"async\" class=\"alignnone size-medium wp-image-4734\" src=\"https:\/\/www.ovlgc.org\/fr\/wp-content\/uploads\/2023\/04\/conference-de-Benoit-Falaize-du-300323-JDS-page-001-2-300x268.jpg\" alt=\"\" width=\"300\" height=\"268\" srcset=\"https:\/\/www.ovlgc.org\/fr\/wp-content\/uploads\/2023\/04\/conference-de-Benoit-Falaize-du-300323-JDS-page-001-2-300x268.jpg 300w, https:\/\/www.ovlgc.org\/fr\/wp-content\/uploads\/2023\/04\/conference-de-Benoit-Falaize-du-300323-JDS-page-001-2-1024x914.jpg 1024w, https:\/\/www.ovlgc.org\/fr\/wp-content\/uploads\/2023\/04\/conference-de-Benoit-Falaize-du-300323-JDS-page-001-2-150x134.jpg 150w, https:\/\/www.ovlgc.org\/fr\/wp-content\/uploads\/2023\/04\/conference-de-Benoit-Falaize-du-300323-JDS-page-001-2-768x686.jpg 768w, https:\/\/www.ovlgc.org\/fr\/wp-content\/uploads\/2023\/04\/conference-de-Benoit-Falaize-du-300323-JDS-page-001-2.jpg 1438w\" sizes=\"auto, (max-width: 300px) 100vw, 300px\" \/><img loading=\"lazy\" decoding=\"async\" class=\"alignnone size-medium wp-image-4736\" src=\"https:\/\/www.ovlgc.org\/fr\/wp-content\/uploads\/2023\/04\/conference-Benoit-Falaize-300323-JPY-2-page-001-296x300.jpg\" alt=\"\" width=\"296\" height=\"300\" srcset=\"https:\/\/www.ovlgc.org\/fr\/wp-content\/uploads\/2023\/04\/conference-Benoit-Falaize-300323-JPY-2-page-001-296x300.jpg 296w, https:\/\/www.ovlgc.org\/fr\/wp-content\/uploads\/2023\/04\/conference-Benoit-Falaize-300323-JPY-2-page-001-1011x1024.jpg 1011w, https:\/\/www.ovlgc.org\/fr\/wp-content\/uploads\/2023\/04\/conference-Benoit-Falaize-300323-JPY-2-page-001-148x150.jpg 148w, https:\/\/www.ovlgc.org\/fr\/wp-content\/uploads\/2023\/04\/conference-Benoit-Falaize-300323-JPY-2-page-001-768x778.jpg 768w, https:\/\/www.ovlgc.org\/fr\/wp-content\/uploads\/2023\/04\/conference-Benoit-Falaize-300323-JPY-2-page-001.jpg 1411w\" sizes=\"auto, (max-width: 296px) 100vw, 296px\" \/><\/p>\n","protected":false},"excerpt":{"rendered":"<p>En partenariat avec les Familles La\u00efques du Pays des Achards, l&rsquo;Observatoire Vend\u00e9en de la La\u00efcit\u00e9 Georges Cl\u00e9menceau vous propose une<\/p>\n","protected":false},"author":2,"featured_media":4481,"comment_status":"closed","ping_status":"closed","sticky":false,"template":"","format":"standard","meta":{"footnotes":""},"categories":[1],"tags":[],"class_list":["post-4673","post","type-post","status-publish","format-standard","has-post-thumbnail","hentry","category-non-classe"],"_links":{"self":[{"href":"https:\/\/www.ovlgc.org\/fr\/wp-json\/wp\/v2\/posts\/4673","targetHints":{"allow":["GET"]}}],"collection":[{"href":"https:\/\/www.ovlgc.org\/fr\/wp-json\/wp\/v2\/posts"}],"about":[{"href":"https:\/\/www.ovlgc.org\/fr\/wp-json\/wp\/v2\/types\/post"}],"author":[{"embeddable":true,"href":"https:\/\/www.ovlgc.org\/fr\/wp-json\/wp\/v2\/users\/2"}],"replies":[{"embeddable":true,"href":"https:\/\/www.ovlgc.org\/fr\/wp-json\/wp\/v2\/comments?post=4673"}],"version-history":[{"count":9,"href":"https:\/\/www.ovlgc.org\/fr\/wp-json\/wp\/v2\/posts\/4673\/revisions"}],"predecessor-version":[{"id":4737,"href":"https:\/\/www.ovlgc.org\/fr\/wp-json\/wp\/v2\/posts\/4673\/revisions\/4737"}],"wp:featuredmedia":[{"embeddable":true,"href":"https:\/\/www.ovlgc.org\/fr\/wp-json\/wp\/v2\/media\/4481"}],"wp:attachment":[{"href":"https:\/\/www.ovlgc.org\/fr\/wp-json\/wp\/v2\/media?parent=4673"}],"wp:term":[{"taxonomy":"category","embeddable":true,"href":"https:\/\/www.ovlgc.org\/fr\/wp-json\/wp\/v2\/categories?post=4673"},{"taxonomy":"post_tag","embeddable":true,"href":"https:\/\/www.ovlgc.org\/fr\/wp-json\/wp\/v2\/tags?post=4673"}],"curies":[{"name":"wp","href":"https:\/\/api.w.org\/{rel}","templated":true}]}}