{"id":4659,"date":"2023-03-03T08:47:10","date_gmt":"2023-03-03T07:47:10","guid":{"rendered":"https:\/\/www.ovlgc.org\/fr\/?p=4659"},"modified":"2026-03-28T10:13:06","modified_gmt":"2026-03-28T09:13:06","slug":"les-affiches-du-conseil-departemental-de-vendee-suite","status":"publish","type":"post","link":"https:\/\/www.ovlgc.org\/fr\/les-affiches-du-conseil-departemental-de-vendee-suite\/","title":{"rendered":"Les affiches du conseil d\u00e9partemental de Vend\u00e9e"},"content":{"rendered":"<p><img loading=\"lazy\" decoding=\"async\" class=\"size-medium wp-image-4593 alignleft\" src=\"https:\/\/www.ovlgc.org\/fr\/wp-content\/uploads\/2022\/12\/Capture-decran-2022-12-29-a-09.52.391-290x300.png\" alt=\"\" width=\"290\" height=\"300\" srcset=\"https:\/\/www.ovlgc.org\/fr\/wp-content\/uploads\/2022\/12\/Capture-decran-2022-12-29-a-09.52.391-290x300.png 290w, https:\/\/www.ovlgc.org\/fr\/wp-content\/uploads\/2022\/12\/Capture-decran-2022-12-29-a-09.52.391-145x150.png 145w, https:\/\/www.ovlgc.org\/fr\/wp-content\/uploads\/2022\/12\/Capture-decran-2022-12-29-a-09.52.391-768x794.png 768w, https:\/\/www.ovlgc.org\/fr\/wp-content\/uploads\/2022\/12\/Capture-decran-2022-12-29-a-09.52.391.png 863w\" sizes=\"auto, (max-width: 290px) 100vw, 290px\" \/>L&rsquo;article du journal Ouest-France du 23 d\u00e9cembre 2022, relatif aux affiches du conseil d\u00e9partemental de la Vend\u00e9e, avait retenu toute notre attention. Face aux diff\u00e9rentes interpr\u00e9tations, l&rsquo;Observatoire a fait une analyse juridique objective sur ces \u00e9v\u00e8nements se multipliant dans l&rsquo;espace public. Nous y revenons avec la mise en ligne d&rsquo;une p\u00e9tition que <a href=\"https:\/\/www.change.org\/p\/stop-au-pros%C3%A9lytisme-du-conseil-d%C3%A9partemental-de-vend%C3%A9e?recruiter=1296643259&amp;recruited_by_id=5d853d00-b608-11ed-9da4-61b333fce76c&amp;utm_source=share_petition&amp;utm_campaign=share_petition&amp;utm_term=share_for_starters_page&amp;utm_medium=email\">nous invitons largement \u00e0 signer et \u00e0 faire signer.<\/a> Un grand nombre de signatures vend\u00e9ennes est la condition pour nous opposer \u00e0 de telles pratiques dans l&rsquo;avenir.<\/p>\n<p>&nbsp;<\/p>\n","protected":false},"excerpt":{"rendered":"<p>L&rsquo;article du journal Ouest-France du 23 d\u00e9cembre 2022, relatif aux affiches du conseil d\u00e9partemental de la Vend\u00e9e, avait retenu toute<\/p>\n","protected":false},"author":2,"featured_media":4681,"comment_status":"closed","ping_status":"closed","sticky":false,"template":"","format":"standard","meta":{"footnotes":""},"categories":[100],"tags":[],"class_list":["post-4659","post","type-post","status-publish","format-standard","has-post-thumbnail","hentry","category-les-dossiers-locaux-de-2023"],"_links":{"self":[{"href":"https:\/\/www.ovlgc.org\/fr\/wp-json\/wp\/v2\/posts\/4659","targetHints":{"allow":["GET"]}}],"collection":[{"href":"https:\/\/www.ovlgc.org\/fr\/wp-json\/wp\/v2\/posts"}],"about":[{"href":"https:\/\/www.ovlgc.org\/fr\/wp-json\/wp\/v2\/types\/post"}],"author":[{"embeddable":true,"href":"https:\/\/www.ovlgc.org\/fr\/wp-json\/wp\/v2\/users\/2"}],"replies":[{"embeddable":true,"href":"https:\/\/www.ovlgc.org\/fr\/wp-json\/wp\/v2\/comments?post=4659"}],"version-history":[{"count":9,"href":"https:\/\/www.ovlgc.org\/fr\/wp-json\/wp\/v2\/posts\/4659\/revisions"}],"predecessor-version":[{"id":4672,"href":"https:\/\/www.ovlgc.org\/fr\/wp-json\/wp\/v2\/posts\/4659\/revisions\/4672"}],"wp:featuredmedia":[{"embeddable":true,"href":"https:\/\/www.ovlgc.org\/fr\/wp-json\/wp\/v2\/media\/4681"}],"wp:attachment":[{"href":"https:\/\/www.ovlgc.org\/fr\/wp-json\/wp\/v2\/media?parent=4659"}],"wp:term":[{"taxonomy":"category","embeddable":true,"href":"https:\/\/www.ovlgc.org\/fr\/wp-json\/wp\/v2\/categories?post=4659"},{"taxonomy":"post_tag","embeddable":true,"href":"https:\/\/www.ovlgc.org\/fr\/wp-json\/wp\/v2\/tags?post=4659"}],"curies":[{"name":"wp","href":"https:\/\/api.w.org\/{rel}","templated":true}]}}