{"id":4601,"date":"2023-01-11T10:23:51","date_gmt":"2023-01-11T09:23:51","guid":{"rendered":"https:\/\/www.ovlgc.org\/fr\/?p=4601"},"modified":"2023-01-11T10:23:51","modified_gmt":"2023-01-11T09:23:51","slug":"newsletter-14","status":"publish","type":"post","link":"https:\/\/www.ovlgc.org\/fr\/newsletter-14\/","title":{"rendered":"Newsletter 14"},"content":{"rendered":"<table border=\"0\" width=\"100%\" cellspacing=\"0\" cellpadding=\"0\">\n<tbody>\n<tr>\n<td id=\"m_9179580521285843326templateHeader\" valign=\"top\">\n<table border=\"0\" width=\"100%\" cellspacing=\"0\" cellpadding=\"0\">\n<tbody>\n<tr>\n<td valign=\"top\">\n<table border=\"0\" width=\"100%\" cellspacing=\"0\" cellpadding=\"0\" align=\"left\">\n<tbody>\n<tr>\n<td valign=\"top\"><img decoding=\"async\" class=\"CToWUd\" src=\"https:\/\/ci4.googleusercontent.com\/proxy\/x13rJOIYOzknmnedSxiVbp4ITiZ0CV0ltA3yO61DYo9oyYxZxo8-0_Q1vSn-QmEQEniYnLm0IpZDlnBGm0FNeQ_I7r3zaiCMFzZSuhM8_xtHkpPC14VaqkVAKHGzE1aVOhTXTGtrqag2TEfJnviD0k4gOWJxmg=s0-d-e1-ft#https:\/\/mcusercontent.com\/854e866bca910c5970cac5e67\/images\/29f5d6da-5cef-8b3c-f804-e0a0d9120df3.png\" alt=\"\" width=\"75\" align=\"middle\" data-bit=\"iit\" \/><\/td>\n<\/tr>\n<\/tbody>\n<\/table>\n<\/td>\n<\/tr>\n<\/tbody>\n<\/table>\n<table border=\"0\" width=\"100%\" cellspacing=\"0\" cellpadding=\"0\">\n<tbody>\n<tr>\n<td valign=\"top\">\n<table border=\"0\" width=\"100%\" cellspacing=\"0\" cellpadding=\"0\" align=\"left\">\n<tbody>\n<tr>\n<td valign=\"top\">\n<h1>La\u00efcit\u00e9, valeurs r\u00e9publicaines : un an apr\u00e8s la loi \u00ab s\u00e9paratisme \u00bb, quel bilan pour les libert\u00e9s associatives ?<\/h1>\n<div>Newsletter de la Vigie de la La\u00efcit\u00e9 n\u00b014<\/div>\n<\/td>\n<\/tr>\n<\/tbody>\n<\/table>\n<\/td>\n<\/tr>\n<\/tbody>\n<\/table>\n<table border=\"0\" width=\"100%\" cellspacing=\"0\" cellpadding=\"0\">\n<tbody>\n<tr>\n<td>\n<table border=\"0\" width=\"100%\" cellspacing=\"0\" cellpadding=\"0\">\n<tbody>\n<tr>\n<td><\/td>\n<\/tr>\n<\/tbody>\n<\/table>\n<\/td>\n<\/tr>\n<\/tbody>\n<\/table>\n<\/td>\n<\/tr>\n<tr>\n<td id=\"m_9179580521285843326templateBody\" valign=\"top\">\n<table border=\"0\" width=\"100%\" cellspacing=\"0\" cellpadding=\"0\">\n<tbody>\n<tr>\n<td>\n<table border=\"0\" width=\"100%\" cellspacing=\"0\" cellpadding=\"0\">\n<tbody>\n<tr>\n<td><\/td>\n<\/tr>\n<\/tbody>\n<\/table>\n<\/td>\n<\/tr>\n<\/tbody>\n<\/table>\n<table border=\"0\" width=\"100%\" cellspacing=\"0\" cellpadding=\"0\">\n<tbody>\n<tr>\n<td valign=\"top\">\n<table border=\"0\" width=\"100%\" cellspacing=\"0\" cellpadding=\"0\" align=\"left\">\n<tbody>\n<tr>\n<td valign=\"top\"><strong>Cher\u00b7e\u00b7s ami\u00b7e\u00b7s,<br \/>\nCher\u00b7e\u00b7s abonn\u00e9\u00b7e\u00b7s \u00e0 notre newsletter,<\/strong>La Vigie de la La\u00efcit\u00e9 vous pr\u00e9sente tous ses v\u0153ux pour une nouvelle ann\u00e9e 2023 engag\u00e9e, critique et constructive.Organisme ind\u00e9pendant de veille sur la question de la la\u00efcit\u00e9 fond\u00e9 en 2021, la Vigie de la La\u00efcit\u00e9 est heureuse de vous restituer aujourd\u2019hui les propos tenus par nos invit\u00e9s lors de la grande journ\u00e9e d\u2019\u00e9changes et de d\u00e9bats sur le devenir des libert\u00e9s associatives qui nous a r\u00e9unis le 26 novembre dernier \u00e0 la Mairie du XX<sup>e<\/sup> arrondissement de Paris. L\u2019ann\u00e9e nouvelle est aussi l\u2019occasion de renouveler votre adh\u00e9sion \u00e0 notre association, qui ne re\u00e7oit pour le moment aucune subvention.<\/p>\n<p>Si vous pensez comme nous que notre mission de veille et d\u2019information sur la la\u00efcit\u00e9 est n\u00e9cessaire, merci de proc\u00e9der \u00e0 votre r\u00e9adh\u00e9sion en vous rendant sur notre site, \u00e0 l\u2019onglet \u00ab <a href=\"https:\/\/vigie-laicite.us14.list-manage.com\/track\/click?u=854e866bca910c5970cac5e67&amp;id=bbcf409fe4&amp;e=889b834833\" target=\"_blank\" rel=\"noopener\" data-saferedirecturl=\"https:\/\/www.google.com\/url?q=https:\/\/vigie-laicite.us14.list-manage.com\/track\/click?u%3D854e866bca910c5970cac5e67%26id%3Dbbcf409fe4%26e%3D889b834833&amp;source=gmail&amp;ust=1673515351455000&amp;usg=AOvVaw0yWZi7HCw_ekhoVdN9WaP4\">nous soutenir<\/a> \u00bb.<\/p>\n<p>Bien fraternellement \u00e0 vous toutes et tous,<br \/>\nLa Vigie de la La\u00efcit\u00e9<\/td>\n<\/tr>\n<\/tbody>\n<\/table>\n<\/td>\n<\/tr>\n<\/tbody>\n<\/table>\n<table border=\"0\" width=\"100%\" cellspacing=\"0\" cellpadding=\"0\">\n<tbody>\n<tr>\n<td>\n<table border=\"0\" width=\"100%\" cellspacing=\"0\" cellpadding=\"0\">\n<tbody>\n<tr>\n<td><\/td>\n<\/tr>\n<\/tbody>\n<\/table>\n<\/td>\n<\/tr>\n<\/tbody>\n<\/table>\n<table border=\"0\" width=\"100%\" cellspacing=\"0\" cellpadding=\"0\">\n<tbody>\n<tr>\n<td valign=\"top\">\n<table border=\"0\" width=\"100%\" cellspacing=\"0\" cellpadding=\"0\" align=\"left\">\n<tbody>\n<tr>\n<td>\n<table border=\"0\" width=\"100%\" cellspacing=\"0\">\n<tbody>\n<tr>\n<td valign=\"top\">\n<div>\u00c0 D\u00c9COUVRIR<\/div>\n<h2>La\u00efcit\u00e9, valeurs r\u00e9publicaines : un an apr\u00e8s la loi s\u00e9paratismes, quel bilan pour les libert\u00e9s associatives ?<\/h2>\n<div>\nNous avons souhait\u00e9, \u00e0 la Vigie de la La\u00efcit\u00e9, poursuivre le travail de vigilance et de suivi de la mise en \u0153uvre de la loi du 24 ao\u00fbt 2021 confortant les principes de la R\u00e9publique, et notamment ses dispositions relatives aux libert\u00e9s associatives. Nous nous sommes int\u00e9ress\u00e9.es \u00e0 elles depuis l&rsquo;origine, eu \u00e9gard notamment aux restrictions qu&rsquo;elles impriment \u00e0 la libert\u00e9 des cultes, d\u00e9sormais bien plus largement soumise au contr\u00f4le administratif que par le pass\u00e9.<\/p>\n<p><a href=\"https:\/\/vigie-laicite.us14.list-manage.com\/track\/click?u=854e866bca910c5970cac5e67&amp;id=e923839837&amp;e=889b834833\" target=\"_blank\" rel=\"noopener\" data-saferedirecturl=\"https:\/\/www.google.com\/url?q=https:\/\/vigie-laicite.us14.list-manage.com\/track\/click?u%3D854e866bca910c5970cac5e67%26id%3De923839837%26e%3D889b834833&amp;source=gmail&amp;ust=1673515351455000&amp;usg=AOvVaw1bzwS0b5ahLJzohjyHAA5d\"><strong>Lire la suite<\/strong><\/a><\/div>\n<\/td>\n<\/tr>\n<\/tbody>\n<\/table>\n<\/td>\n<\/tr>\n<\/tbody>\n<\/table>\n<\/td>\n<\/tr>\n<\/tbody>\n<\/table>\n<table border=\"0\" width=\"100%\" cellspacing=\"0\" cellpadding=\"0\">\n<tbody>\n<tr>\n<td valign=\"top\">\n<table border=\"0\" width=\"100%\" cellspacing=\"0\" cellpadding=\"0\" align=\"left\">\n<tbody>\n<tr>\n<td>\n<table border=\"0\" width=\"100%\" cellspacing=\"0\">\n<tbody>\n<tr>\n<td valign=\"top\">\n<div>\u00c0 D\u00c9COUVRIR<\/div>\n<h2>Le contrat d\u2019engagement r\u00e9publicain et les obstacles mis au bon fonctionnement des associations cultuelles : le plaidoyer du protestantisme fran\u00e7ais<\/h2>\n<div>\nFran\u00e7ois Clavairoly, ancien pr\u00e9sident de la F\u00e9d\u00e9ration protestante de France revient sur son action de plaidoyer contre le contrat d\u2019engagement r\u00e9publicain pr\u00e9vu par la loi confortant les principes de la R\u00e9publique du 24 ao\u00fbt 2021. A l\u2019aide d\u2019exemples concrets il montre combien cette loi, \u00e0 travers les entraves qu\u2019elle pose au bon exercice du culte, s\u2019est finalement tromp\u00e9e de cible. Il plaide pour un retour \u00e0 l\u2019esprit lib\u00e9ral et \u00e9quilibr\u00e9 de la loi de s\u00e9paration des \u00c9glises et de l\u2019\u00c9tat de 1905 bas\u00e9 sur la confiance.<\/p>\n<p><a href=\"https:\/\/vigie-laicite.us14.list-manage.com\/track\/click?u=854e866bca910c5970cac5e67&amp;id=ed2ce4a22d&amp;e=889b834833\" target=\"_blank\" rel=\"noopener\" data-saferedirecturl=\"https:\/\/www.google.com\/url?q=https:\/\/vigie-laicite.us14.list-manage.com\/track\/click?u%3D854e866bca910c5970cac5e67%26id%3Ded2ce4a22d%26e%3D889b834833&amp;source=gmail&amp;ust=1673515351455000&amp;usg=AOvVaw0-7rIi2yBeaELrb7R2VXxG\"><strong>Lire la suite<\/strong><\/a><\/div>\n<\/td>\n<\/tr>\n<\/tbody>\n<\/table>\n<\/td>\n<\/tr>\n<\/tbody>\n<\/table>\n<\/td>\n<\/tr>\n<\/tbody>\n<\/table>\n<table border=\"0\" width=\"100%\" cellspacing=\"0\" cellpadding=\"0\">\n<tbody>\n<tr>\n<td valign=\"top\">\n<table border=\"0\" width=\"100%\" cellspacing=\"0\" cellpadding=\"0\" align=\"left\">\n<tbody>\n<tr>\n<td>\n<table border=\"0\" width=\"100%\" cellspacing=\"0\">\n<tbody>\n<tr>\n<td valign=\"top\">\n<div>\u00c0 D\u00c9COUVRIR<\/div>\n<h2>L\u2019exemple des obstacles administratifs oppos\u00e9s r\u00e9cemment par la pr\u00e9fecture aux manifestations organis\u00e9es par l\u2019association \u00e9cologiste Alternatiba-Poitiers et subventionn\u00e9es par les communes<\/h2>\n<div>\nAlternatiba fait partie du mouvement climat. C\u2019est une composante n\u00e9e en 2013 au Pays basque, soit deux ans avant la COP 21 de Paris. Sa forme premi\u00e8re est la co-construction de villages des alternatives, dans les villes ou villages. Alternatiba-Poitiers a organis\u00e9 en 2017 un premier village, et la seconde les 17 et 18 septembre 2022 apr\u00e8s deux reports li\u00e9s aux conditions sanitaires impos\u00e9es par le COVID. Cette derni\u00e8re manifestation a subi une intervention de la Pr\u00e9fecture pour faire pression sur les communes qui l\u2019avaient subventionn\u00e9es sous pr\u00e9texte que les attendus ne r\u00e9pondaient pas aux exigences du contrat d\u2019engagement r\u00e9publicain. Un d\u00e9f\u00e9r\u00e9 a ainsi \u00e9t\u00e9 d\u00e9pos\u00e9 aupr\u00e8s du tribunal administratif. Le proc\u00e8s est en cours\u2026<\/p>\n<p><a href=\"https:\/\/vigie-laicite.us14.list-manage.com\/track\/click?u=854e866bca910c5970cac5e67&amp;id=ab8fd384a5&amp;e=889b834833\" target=\"_blank\" rel=\"noopener\" data-saferedirecturl=\"https:\/\/www.google.com\/url?q=https:\/\/vigie-laicite.us14.list-manage.com\/track\/click?u%3D854e866bca910c5970cac5e67%26id%3Dab8fd384a5%26e%3D889b834833&amp;source=gmail&amp;ust=1673515351455000&amp;usg=AOvVaw2MH_gNQxUV2TxH8EkoGH_t\"><strong>Lire la suite<\/strong><\/a><\/div>\n<\/td>\n<\/tr>\n<\/tbody>\n<\/table>\n<\/td>\n<\/tr>\n<\/tbody>\n<\/table>\n<\/td>\n<\/tr>\n<\/tbody>\n<\/table>\n<table border=\"0\" width=\"100%\" cellspacing=\"0\" cellpadding=\"0\">\n<tbody>\n<tr>\n<td valign=\"top\">\n<table border=\"0\" width=\"100%\" cellspacing=\"0\" cellpadding=\"0\" align=\"left\">\n<tbody>\n<tr>\n<td>\n<table border=\"0\" width=\"100%\" cellspacing=\"0\">\n<tbody>\n<tr>\n<td valign=\"top\">\n<div>\u00c0 D\u00c9COUVRIR<\/div>\n<h2>Critiques et bilan de la loi confortant le respect des principes de la R\u00e9publique, dite \u00ab\u00a0loi s\u00e9paratisme\u00a0\u00bb et son contrat d\u2019engagement r\u00e9publicain<\/h2>\n<div>\nBenjamin Sourice, de l\u2019association Vox Public, alerte sur les menaces envers la libert\u00e9 associative et en particulier les associations loi 1901 qu\u2019il voit \u00e0 l\u2019\u0153uvre dans l\u2019obligation de souscrire un contrat d\u2019engagement r\u00e9publicain tel que pr\u00e9vu par la loi confortant les principes de la R\u00e9publique du 24 aout 2021. A travers quelques exemples concrets, il d\u00e9nonce les obstacles administratifs mis \u00e0 l\u2019exercice des associations lanceuses d\u2019alertes et propose l\u2019appui de Vox public \u00e0 celles qui rencontrent de plus en plus de difficult\u00e9 \u00e0 exercer leurs missions.<\/p>\n<p><a href=\"https:\/\/vigie-laicite.us14.list-manage.com\/track\/click?u=854e866bca910c5970cac5e67&amp;id=a2a7b0b979&amp;e=889b834833\" target=\"_blank\" rel=\"noopener\" data-saferedirecturl=\"https:\/\/www.google.com\/url?q=https:\/\/vigie-laicite.us14.list-manage.com\/track\/click?u%3D854e866bca910c5970cac5e67%26id%3Da2a7b0b979%26e%3D889b834833&amp;source=gmail&amp;ust=1673515351455000&amp;usg=AOvVaw1Uqid87cRKAtQd5SvI57P8\"><strong>Lire la suite<\/strong><\/a><\/div>\n<\/td>\n<\/tr>\n<\/tbody>\n<\/table>\n<\/td>\n<\/tr>\n<\/tbody>\n<\/table>\n<\/td>\n<\/tr>\n<\/tbody>\n<\/table>\n<table border=\"0\" width=\"100%\" cellspacing=\"0\" cellpadding=\"0\">\n<tbody>\n<tr>\n<td>\n<table border=\"0\" width=\"100%\" cellspacing=\"0\" cellpadding=\"0\">\n<tbody>\n<tr>\n<td><\/td>\n<\/tr>\n<\/tbody>\n<\/table>\n<\/td>\n<\/tr>\n<\/tbody>\n<\/table>\n<\/td>\n<\/tr>\n<\/tbody>\n<\/table>\n","protected":false},"excerpt":{"rendered":"<p>La\u00efcit\u00e9, valeurs r\u00e9publicaines : un an apr\u00e8s la loi \u00ab s\u00e9paratisme \u00bb, quel bilan pour les libert\u00e9s associatives ? Newsletter<\/p>\n","protected":false},"author":2,"featured_media":3974,"comment_status":"closed","ping_status":"closed","sticky":false,"template":"","format":"standard","meta":{"footnotes":""},"categories":[1],"tags":[],"class_list":["post-4601","post","type-post","status-publish","format-standard","has-post-thumbnail","hentry","category-non-classe"],"_links":{"self":[{"href":"https:\/\/www.ovlgc.org\/fr\/wp-json\/wp\/v2\/posts\/4601","targetHints":{"allow":["GET"]}}],"collection":[{"href":"https:\/\/www.ovlgc.org\/fr\/wp-json\/wp\/v2\/posts"}],"about":[{"href":"https:\/\/www.ovlgc.org\/fr\/wp-json\/wp\/v2\/types\/post"}],"author":[{"embeddable":true,"href":"https:\/\/www.ovlgc.org\/fr\/wp-json\/wp\/v2\/users\/2"}],"replies":[{"embeddable":true,"href":"https:\/\/www.ovlgc.org\/fr\/wp-json\/wp\/v2\/comments?post=4601"}],"version-history":[{"count":1,"href":"https:\/\/www.ovlgc.org\/fr\/wp-json\/wp\/v2\/posts\/4601\/revisions"}],"predecessor-version":[{"id":4602,"href":"https:\/\/www.ovlgc.org\/fr\/wp-json\/wp\/v2\/posts\/4601\/revisions\/4602"}],"wp:featuredmedia":[{"embeddable":true,"href":"https:\/\/www.ovlgc.org\/fr\/wp-json\/wp\/v2\/media\/3974"}],"wp:attachment":[{"href":"https:\/\/www.ovlgc.org\/fr\/wp-json\/wp\/v2\/media?parent=4601"}],"wp:term":[{"taxonomy":"category","embeddable":true,"href":"https:\/\/www.ovlgc.org\/fr\/wp-json\/wp\/v2\/categories?post=4601"},{"taxonomy":"post_tag","embeddable":true,"href":"https:\/\/www.ovlgc.org\/fr\/wp-json\/wp\/v2\/tags?post=4601"}],"curies":[{"name":"wp","href":"https:\/\/api.w.org\/{rel}","templated":true}]}}