{"id":4560,"date":"2022-12-28T18:44:39","date_gmt":"2022-12-28T17:44:39","guid":{"rendered":"https:\/\/www.ovlgc.org\/fr\/?p=4560"},"modified":"2026-03-27T17:02:45","modified_gmt":"2026-03-27T16:02:45","slug":"lhommage-a-samuel-paty-du-9-decembre-2022","status":"publish","type":"post","link":"https:\/\/www.ovlgc.org\/fr\/lhommage-a-samuel-paty-du-9-decembre-2022\/","title":{"rendered":"L&rsquo;hommage \u00e0 Samuel Paty du 9 d\u00e9cembre 2022"},"content":{"rendered":"<p>Le vendredi 9 d\u00e9cembre, date anniversaire de la loi de 1905, l&rsquo;Observatoire Vend\u00e9en de la La\u00efcit\u00e9 Georges Clemenceau \u00e9tait pr\u00e9sent \u00e0 17 h devant la pr\u00e9fecture pour rendre hommage \u00e0 Samuel Paty, cet enseignant assassin\u00e9 le 16 octobre 2020&#8230;<\/p>\n<p>Vous trouverez ici les 2 interventions faites \u00e0 cette occasion, ainsi que les articles de Ouest-France.<\/p>\n<p>Il est envisag\u00e9 de r\u00e9unir les personnes int\u00e9ress\u00e9es par la naissance de ce collectif qui pourrait se constituer en association \u00ab\u00a0les amis de Samuel Paty\u00a0\u00bb d\u00e9but 2023.<\/p>\n<a href=\"https:\/\/www.ovlgc.org\/fr\/wp-content\/uploads\/2022\/12\/intervention-de-Denis-9-decembre.pdf\" class=\"pdfemb-viewer\" style=\"\" data-width=\"max\" data-height=\"max\" data-toolbar=\"bottom\" data-toolbar-fixed=\"off\">intervention de Denis 9 d\u00e9cembre<\/a>\n<a href=\"https:\/\/www.ovlgc.org\/fr\/wp-content\/uploads\/2022\/12\/Intervention-de-Simone-Favreau.pdf\" class=\"pdfemb-viewer\" style=\"\" data-width=\"max\" data-height=\"max\" data-toolbar=\"bottom\" data-toolbar-fixed=\"off\">Intervention de Simone Favreau<\/a>\n<a href=\"https:\/\/www.ovlgc.org\/fr\/wp-content\/uploads\/2022\/12\/devant-la-prefecture.pdf\" class=\"pdfemb-viewer\" style=\"\" data-width=\"max\" data-height=\"max\" data-toolbar=\"bottom\" data-toolbar-fixed=\"off\">devant la pr\u00e9fecture<\/a>\n","protected":false},"excerpt":{"rendered":"<p>Le vendredi 9 d\u00e9cembre, date anniversaire de la loi de 1905, l&rsquo;Observatoire Vend\u00e9en de la La\u00efcit\u00e9 Georges Clemenceau \u00e9tait pr\u00e9sent<\/p>\n","protected":false},"author":2,"featured_media":4566,"comment_status":"closed","ping_status":"closed","sticky":false,"template":"","format":"standard","meta":{"footnotes":""},"categories":[94],"tags":[],"class_list":["post-4560","post","type-post","status-publish","format-standard","has-post-thumbnail","hentry","category-evenements-de-2022"],"_links":{"self":[{"href":"https:\/\/www.ovlgc.org\/fr\/wp-json\/wp\/v2\/posts\/4560","targetHints":{"allow":["GET"]}}],"collection":[{"href":"https:\/\/www.ovlgc.org\/fr\/wp-json\/wp\/v2\/posts"}],"about":[{"href":"https:\/\/www.ovlgc.org\/fr\/wp-json\/wp\/v2\/types\/post"}],"author":[{"embeddable":true,"href":"https:\/\/www.ovlgc.org\/fr\/wp-json\/wp\/v2\/users\/2"}],"replies":[{"embeddable":true,"href":"https:\/\/www.ovlgc.org\/fr\/wp-json\/wp\/v2\/comments?post=4560"}],"version-history":[{"count":2,"href":"https:\/\/www.ovlgc.org\/fr\/wp-json\/wp\/v2\/posts\/4560\/revisions"}],"predecessor-version":[{"id":4565,"href":"https:\/\/www.ovlgc.org\/fr\/wp-json\/wp\/v2\/posts\/4560\/revisions\/4565"}],"wp:featuredmedia":[{"embeddable":true,"href":"https:\/\/www.ovlgc.org\/fr\/wp-json\/wp\/v2\/media\/4566"}],"wp:attachment":[{"href":"https:\/\/www.ovlgc.org\/fr\/wp-json\/wp\/v2\/media?parent=4560"}],"wp:term":[{"taxonomy":"category","embeddable":true,"href":"https:\/\/www.ovlgc.org\/fr\/wp-json\/wp\/v2\/categories?post=4560"},{"taxonomy":"post_tag","embeddable":true,"href":"https:\/\/www.ovlgc.org\/fr\/wp-json\/wp\/v2\/tags?post=4560"}],"curies":[{"name":"wp","href":"https:\/\/api.w.org\/{rel}","templated":true}]}}