{"id":4552,"date":"2022-12-14T12:59:23","date_gmt":"2022-12-14T11:59:23","guid":{"rendered":"https:\/\/www.ovlgc.org\/fr\/?p=4552"},"modified":"2026-03-27T17:04:35","modified_gmt":"2026-03-27T16:04:35","slug":"grave-ecart-de-conduite-a-bouffere","status":"publish","type":"post","link":"https:\/\/www.ovlgc.org\/fr\/grave-ecart-de-conduite-a-bouffere\/","title":{"rendered":"Grave \u00e9cart de conduite \u00e0 Bouff\u00e9r\u00e9"},"content":{"rendered":"<p>\u00a0\u00bb L&rsquo;Observatoire Vend\u00e9en de la La\u00efcit\u00e9 Georges Clemenceau apprend avec stup\u00e9faction la caricature projet\u00e9e lors du conseil municipal d\u00e9l\u00e9gu\u00e9 de Bouff\u00e9r\u00e9, en pr\u00e9sence du conseil municipal des jeunes.<\/p>\n<p>L&rsquo;humour d&rsquo;une \u00e9lue de la R\u00e9publique, m\u00eame d\u00e9cal\u00e9, ne peut s&rsquo;apparenter \u00e0 la stigmatisation \u00e9vidente d&rsquo;une partie de la population vend\u00e9enne.<\/p>\n<p>Artisan infatigable de l&rsquo;\u00e9ducation, l&rsquo;OVLGC condamne avec fermet\u00e9 le geste inconsid\u00e9r\u00e9 de la conseill\u00e8re concern\u00e9e, charg\u00e9e de surcro\u00eet des enfants, et rappelle l&rsquo;ardente n\u00e9cessit\u00e9 de la formation des \u00e9lus \u00e0 la la\u00efcit\u00e9 qu&rsquo;il ne cesse de promouvoir. \u00ab\u00a0<span style=\"color: #000080;\"><br \/>\n<\/span><\/p>\n<p><span style=\"color: #000080;\">Le Pr\u00e9sident<\/span><\/p>\n<p><span style=\"color: #000080;\">Gilles Bourma<\/span>ud<\/p>\n<p>Outre ce communiqu\u00e9 de presse, l&rsquo;OVLGC a demand\u00e9 au Pr\u00e9fet de la Vend\u00e9e, saisi par l&rsquo;opposition municipale, les suites qu&rsquo;il comptait donner \u00e0 cette affaire.<\/p>\n","protected":false},"excerpt":{"rendered":"<p>\u00a0\u00bb L&rsquo;Observatoire Vend\u00e9en de la La\u00efcit\u00e9 Georges Clemenceau apprend avec stup\u00e9faction la caricature projet\u00e9e lors du conseil municipal d\u00e9l\u00e9gu\u00e9 de<\/p>\n","protected":false},"author":2,"featured_media":4569,"comment_status":"closed","ping_status":"closed","sticky":false,"template":"","format":"standard","meta":{"footnotes":""},"categories":[94],"tags":[],"class_list":["post-4552","post","type-post","status-publish","format-standard","has-post-thumbnail","hentry","category-evenements-de-2022"],"_links":{"self":[{"href":"https:\/\/www.ovlgc.org\/fr\/wp-json\/wp\/v2\/posts\/4552","targetHints":{"allow":["GET"]}}],"collection":[{"href":"https:\/\/www.ovlgc.org\/fr\/wp-json\/wp\/v2\/posts"}],"about":[{"href":"https:\/\/www.ovlgc.org\/fr\/wp-json\/wp\/v2\/types\/post"}],"author":[{"embeddable":true,"href":"https:\/\/www.ovlgc.org\/fr\/wp-json\/wp\/v2\/users\/2"}],"replies":[{"embeddable":true,"href":"https:\/\/www.ovlgc.org\/fr\/wp-json\/wp\/v2\/comments?post=4552"}],"version-history":[{"count":3,"href":"https:\/\/www.ovlgc.org\/fr\/wp-json\/wp\/v2\/posts\/4552\/revisions"}],"predecessor-version":[{"id":4568,"href":"https:\/\/www.ovlgc.org\/fr\/wp-json\/wp\/v2\/posts\/4552\/revisions\/4568"}],"wp:featuredmedia":[{"embeddable":true,"href":"https:\/\/www.ovlgc.org\/fr\/wp-json\/wp\/v2\/media\/4569"}],"wp:attachment":[{"href":"https:\/\/www.ovlgc.org\/fr\/wp-json\/wp\/v2\/media?parent=4552"}],"wp:term":[{"taxonomy":"category","embeddable":true,"href":"https:\/\/www.ovlgc.org\/fr\/wp-json\/wp\/v2\/categories?post=4552"},{"taxonomy":"post_tag","embeddable":true,"href":"https:\/\/www.ovlgc.org\/fr\/wp-json\/wp\/v2\/tags?post=4552"}],"curies":[{"name":"wp","href":"https:\/\/api.w.org\/{rel}","templated":true}]}}