{"id":4526,"date":"2022-12-05T16:33:12","date_gmt":"2022-12-05T15:33:12","guid":{"rendered":"https:\/\/www.ovlgc.org\/fr\/?p=4526"},"modified":"2022-12-30T12:06:36","modified_gmt":"2022-12-30T11:06:36","slug":"lassemblee-generale-de-la-vigie-de-la-laicite","status":"publish","type":"post","link":"https:\/\/www.ovlgc.org\/fr\/lassemblee-generale-de-la-vigie-de-la-laicite\/","title":{"rendered":"L&rsquo;assembl\u00e9e g\u00e9n\u00e9rale de la Vigie de la la\u00efcit\u00e9"},"content":{"rendered":"<p>Elle a eu lieu \u00e0 Paris , \u00e0 la mairie du XX\u00e8me, le 26 novembre 2022. Apr\u00e8s l&rsquo;assembl\u00e9e g\u00e9n\u00e9rale, des militants associatifs et des responsables de culte ont partag\u00e9 leur exp\u00e9rience face aux nouvelles dispositions administratives de la loi confortant les principes de la R\u00e9publique, dite loi s\u00e9paratisme, du 24 ao\u00fbt 2021. Dans un deuxi\u00e8me temps, les responsables des antennes locales de la Vigie de la La\u00efcit\u00e9 ont t\u00e9moign\u00e9 de leurs actions en mati\u00e8re d\u2019expertise, de vigilance et d\u2019action au quotidien. Un pot convivial a\u00a0 permis enfin d\u2019\u00e9changer directement avec les membres de la Vigie de la La\u00efcit\u00e9.<\/p>\n<p>Vous trouverez ci-dessous l&rsquo;intervention du pr\u00e9sident de l&rsquo;OVLGC, ainsi que les autres documents aff\u00e9rents \u00e0 la journ\u00e9e, au fur et \u00e0 mesure qu&rsquo;ils nous parviendront.<\/p>\n<a href=\"https:\/\/www.ovlgc.org\/fr\/wp-content\/uploads\/2022\/12\/2022-11-26-intervention-AG-Vigie.pdf\" class=\"pdfemb-viewer\" style=\"\" data-width=\"max\" data-height=\"max\" data-toolbar=\"bottom\" data-toolbar-fixed=\"off\">2022 11 26 intervention AG Vigie<\/a>\n<p>&nbsp;<\/p>\n<p>&nbsp;<\/p>\n<p>&nbsp;<\/p>\n<a href=\"https:\/\/www.ovlgc.org\/fr\/wp-content\/uploads\/2022\/12\/Intervention-vigie-laicite-Benjamin-Sourice.pdf\" class=\"pdfemb-viewer\" style=\"\" data-width=\"max\" data-height=\"max\" data-toolbar=\"bottom\" data-toolbar-fixed=\"off\">Intervention vigie laicit\u00e9 Benjamin Sourice<\/a>\n","protected":false},"excerpt":{"rendered":"<p>Elle a eu lieu \u00e0 Paris , \u00e0 la mairie du XX\u00e8me, le 26 novembre 2022. Apr\u00e8s l&rsquo;assembl\u00e9e g\u00e9n\u00e9rale, des<\/p>\n","protected":false},"author":2,"featured_media":3974,"comment_status":"closed","ping_status":"closed","sticky":false,"template":"","format":"standard","meta":{"footnotes":""},"categories":[1],"tags":[],"class_list":["post-4526","post","type-post","status-publish","format-standard","has-post-thumbnail","hentry","category-non-classe"],"_links":{"self":[{"href":"https:\/\/www.ovlgc.org\/fr\/wp-json\/wp\/v2\/posts\/4526","targetHints":{"allow":["GET"]}}],"collection":[{"href":"https:\/\/www.ovlgc.org\/fr\/wp-json\/wp\/v2\/posts"}],"about":[{"href":"https:\/\/www.ovlgc.org\/fr\/wp-json\/wp\/v2\/types\/post"}],"author":[{"embeddable":true,"href":"https:\/\/www.ovlgc.org\/fr\/wp-json\/wp\/v2\/users\/2"}],"replies":[{"embeddable":true,"href":"https:\/\/www.ovlgc.org\/fr\/wp-json\/wp\/v2\/comments?post=4526"}],"version-history":[{"count":5,"href":"https:\/\/www.ovlgc.org\/fr\/wp-json\/wp\/v2\/posts\/4526\/revisions"}],"predecessor-version":[{"id":4571,"href":"https:\/\/www.ovlgc.org\/fr\/wp-json\/wp\/v2\/posts\/4526\/revisions\/4571"}],"wp:featuredmedia":[{"embeddable":true,"href":"https:\/\/www.ovlgc.org\/fr\/wp-json\/wp\/v2\/media\/3974"}],"wp:attachment":[{"href":"https:\/\/www.ovlgc.org\/fr\/wp-json\/wp\/v2\/media?parent=4526"}],"wp:term":[{"taxonomy":"category","embeddable":true,"href":"https:\/\/www.ovlgc.org\/fr\/wp-json\/wp\/v2\/categories?post=4526"},{"taxonomy":"post_tag","embeddable":true,"href":"https:\/\/www.ovlgc.org\/fr\/wp-json\/wp\/v2\/tags?post=4526"}],"curies":[{"name":"wp","href":"https:\/\/api.w.org\/{rel}","templated":true}]}}