{"id":4467,"date":"2022-12-07T10:53:43","date_gmt":"2022-12-07T09:53:43","guid":{"rendered":"https:\/\/www.ovlgc.org\/fr\/?p=4467"},"modified":"2024-05-07T11:19:14","modified_gmt":"2024-05-07T09:19:14","slug":"les-propositions-de-lovlgc","status":"publish","type":"post","link":"https:\/\/www.ovlgc.org\/fr\/les-propositions-de-lovlgc\/","title":{"rendered":"Semaine de la La\u00efcit\u00e9 2022"},"content":{"rendered":"<p><a href=\"https:\/\/www.ovlgc.org\/fr\/wp-content\/uploads\/2022\/11\/plaquette.pdf\" class=\"pdfemb-viewer\" style=\"\" data-width=\"max\" data-height=\"max\" data-toolbar=\"bottom\" data-toolbar-fixed=\"off\">plaquette<\/a>La plaquette ci-dessus d\u00e9crit le programme global de la semaine de la la\u00efcit\u00e9 2022. Vous \u00eates invit\u00e9s \u00e0 participer au maximum d&rsquo;\u00e9v\u00e8nements.<\/p>\n<p>En ce qui le concerne, en partenariat avec les Familles La\u00efques du Pays des Achards, l&rsquo;Observatoire Vend\u00e9en de la La\u00efcit\u00e9 Georges Clemenceau vous propose plusieurs \u00e9v\u00e8nements <strong>\u00e0 l\u2019Espace culturel George Sand des Achards.<br \/>\n<\/strong><\/p>\n<p><strong>\u00a0<\/strong><\/p>\n<p><strong>\u00a0\u00a0\u00a0\u00a0\u00a0\u00a0\u00a0\u00a0\u00a0\u00a0\u00a0\u00a0\u00a0\u00a0 Le 06 d\u00e9cembre 2022, de 09 h 30 \u00e0 17 h 00<\/strong><\/p>\n<p>Nom de l&rsquo;\u00e9v\u00e9nement : <em>Formation Valeurs de la R\u00e9publique et La\u00efcit\u00e9<\/em><\/p>\n<p>L\u2019ambition de la formation assur\u00e9e par l\u2019Observatoire Vend\u00e9en de la La\u00efcit\u00e9 Georges Clemenceau est d\u2019adresser \u00e0 tous un discours clair et sans \u00e9quivoque sur ce qu\u2019est la la\u00efcit\u00e9 et ce qu\u2019elle n\u2019est pas, et sur le lien fort entre ce principe et les valeurs de la R\u00e9publique. A l\u2019issue de la formation, les participants seront en capacit\u00e9 d\u2019adopter un positionnement adapt\u00e9 \u00e0 leur situation professionnelle et au statut de leur structure employeuse.<\/p>\n<p>Gratuite et sur inscription.<\/p>\n<p><strong>\u00a0\u00a0\u00a0\u00a0\u00a0\u00a0\u00a0\u00a0\u00a0\u00a0\u00a0\u00a0 Le 06 d\u00e9cembre 2022, \u00e0 20 h 00<\/strong><\/p>\n<p>Nom de l&rsquo;\u00e9v\u00e9nement : <em>L\u2019\u00e9cole de la R\u00e9publique<\/em><\/p>\n<p>Agr\u00e9g\u00e9 et docteur en histoire, Beno\u00eet Falaize est actuellement enseignant \u00e0 l\u2019Institut d\u2019\u00e9ducation de l\u2019ESPE de Versailles, au sein de l\u2019Universit\u00e9 de Cergy-Pontoise. Sp\u00e9cialiste des questions d&rsquo;\u00e9ducation civique et de citoyennet\u00e9, de l&rsquo;enseignement de l&rsquo;histoire, \u00a0chercheur, Benoit Falaize a \u00e9t\u00e9 nomm\u00e9 inspecteur g\u00e9n\u00e9ral par le Conseil des ministres du 30 mars 2017. Il parlera de l\u2019\u00e9cole publique et \u00e9changera avec les participants.<\/p>\n<p>Gratuite et sur inscription.<\/p>\n<p><strong>\u00a0 \u00a0 \u00a0 \u00a0 \u00a0\u00a0 Le 08 d\u00e9cembre 2022, de 14 h 00 \u00e0 16 h 00<\/strong><\/p>\n<p><img loading=\"lazy\" decoding=\"async\" class=\"size-medium wp-image-4546 aligncenter\" src=\"https:\/\/www.ovlgc.org\/fr\/wp-content\/uploads\/2022\/12\/Capture-decran-2022-12-08--300x278.jpg\" alt=\"\" width=\"300\" height=\"278\" srcset=\"https:\/\/www.ovlgc.org\/fr\/wp-content\/uploads\/2022\/12\/Capture-decran-2022-12-08--300x278.jpg 300w, https:\/\/www.ovlgc.org\/fr\/wp-content\/uploads\/2022\/12\/Capture-decran-2022-12-08--150x139.jpg 150w, https:\/\/www.ovlgc.org\/fr\/wp-content\/uploads\/2022\/12\/Capture-decran-2022-12-08-.jpg 746w\" sizes=\"auto, (max-width: 300px) 100vw, 300px\" \/><\/p>\n<p>&nbsp;<\/p>\n<p>Nom de l&rsquo;\u00e9v\u00e9nement : <em>Angle d\u2019approche<\/em><\/p>\n<p>La compagnie Universalisapo propose un spectacle interactif sur le harc\u00e8lement scolaire, sujet plus vaste, plus complexe, \u2026mais aussi plus d\u00e9licat qu\u2019il n\u2019y para\u00eet. Favorisant en premier lieu la prise de conscience des victimes, agresseurs, t\u00e9moins, confidents, parents et adultes de proximit\u00e9, ce th\u00e9\u00e2tre forum sera suivi d\u2019un \u00e9change entre le public, l\u2019\u00e9quipe artistique et les diff\u00e9rents partenaires du projet.<\/p>\n<p>Gratuit et sur inscription, en pr\u00e9sence des \u00e9l\u00e8ves de 3 \u00e8me du coll\u00e8ge Jacques Laurent.<\/p>\n<p>&nbsp;<\/p>\n<p>&nbsp;<\/p>\n<a href=\"https:\/\/www.ovlgc.org\/fr\/wp-content\/uploads\/2022\/12\/Affiche-Samuel-Paty.pdf\" class=\"pdfemb-viewer\" style=\"\" data-width=\"max\" data-height=\"max\" data-toolbar=\"bottom\" data-toolbar-fixed=\"off\">Affiche Samuel Paty<\/a>\n<p>&nbsp;<\/p>\n<p><strong>Pour vous inscrire \u00e0 un, deux ou aux trois \u00e9v\u00e8nements, cliquez sur n\u2019importe quelle affiche ci-dessous.<\/strong><\/p>\n<p><a href=\"https:\/\/www.helloasso.com\/associations\/observatoire-vendeen-de-la-laicite-georges-clemenceau\/evenements\/l-oovlgc-vous-propose-dans-la-semaine-de-la-laicite\"><img loading=\"lazy\" decoding=\"async\" class=\"alignnone size-medium wp-image-4475\" src=\"https:\/\/www.ovlgc.org\/fr\/wp-content\/uploads\/2022\/10\/2022-12-06-FORMATION-Valeurs-de-la-Republique-et-L-aicite11-212x300.jpg\" alt=\"\" width=\"212\" height=\"300\" srcset=\"https:\/\/www.ovlgc.org\/fr\/wp-content\/uploads\/2022\/10\/2022-12-06-FORMATION-Valeurs-de-la-Republique-et-L-aicite11-212x300.jpg 212w, https:\/\/www.ovlgc.org\/fr\/wp-content\/uploads\/2022\/10\/2022-12-06-FORMATION-Valeurs-de-la-Republique-et-L-aicite11-724x1024.jpg 724w, https:\/\/www.ovlgc.org\/fr\/wp-content\/uploads\/2022\/10\/2022-12-06-FORMATION-Valeurs-de-la-Republique-et-L-aicite11-106x150.jpg 106w, https:\/\/www.ovlgc.org\/fr\/wp-content\/uploads\/2022\/10\/2022-12-06-FORMATION-Valeurs-de-la-Republique-et-L-aicite11-768x1086.jpg 768w, https:\/\/www.ovlgc.org\/fr\/wp-content\/uploads\/2022\/10\/2022-12-06-FORMATION-Valeurs-de-la-Republique-et-L-aicite11-1086x1536.jpg 1086w, https:\/\/www.ovlgc.org\/fr\/wp-content\/uploads\/2022\/10\/2022-12-06-FORMATION-Valeurs-de-la-Republique-et-L-aicite11-1448x2048.jpg 1448w, https:\/\/www.ovlgc.org\/fr\/wp-content\/uploads\/2022\/10\/2022-12-06-FORMATION-Valeurs-de-la-Republique-et-L-aicite11.jpg 1587w\" sizes=\"auto, (max-width: 212px) 100vw, 212px\" \/><\/a><a href=\"https:\/\/www.helloasso.com\/associations\/observatoire-vendeen-de-la-laicite-georges-clemenceau\/evenements\/l-oovlgc-vous-propose-dans-la-semaine-de-la-laicite\"><img loading=\"lazy\" decoding=\"async\" class=\"size-medium wp-image-4476 aligncenter\" src=\"https:\/\/www.ovlgc.org\/fr\/wp-content\/uploads\/2022\/10\/2022-12-06-Conference-Benoit-FALAISE-212x300.jpg\" alt=\"\" width=\"212\" height=\"300\" srcset=\"https:\/\/www.ovlgc.org\/fr\/wp-content\/uploads\/2022\/10\/2022-12-06-Conference-Benoit-FALAISE-212x300.jpg 212w, https:\/\/www.ovlgc.org\/fr\/wp-content\/uploads\/2022\/10\/2022-12-06-Conference-Benoit-FALAISE-724x1024.jpg 724w, https:\/\/www.ovlgc.org\/fr\/wp-content\/uploads\/2022\/10\/2022-12-06-Conference-Benoit-FALAISE-106x150.jpg 106w, https:\/\/www.ovlgc.org\/fr\/wp-content\/uploads\/2022\/10\/2022-12-06-Conference-Benoit-FALAISE-768x1086.jpg 768w, https:\/\/www.ovlgc.org\/fr\/wp-content\/uploads\/2022\/10\/2022-12-06-Conference-Benoit-FALAISE-1086x1536.jpg 1086w, https:\/\/www.ovlgc.org\/fr\/wp-content\/uploads\/2022\/10\/2022-12-06-Conference-Benoit-FALAISE-1448x2048.jpg 1448w, https:\/\/www.ovlgc.org\/fr\/wp-content\/uploads\/2022\/10\/2022-12-06-Conference-Benoit-FALAISE.jpg 1587w\" sizes=\"auto, (max-width: 212px) 100vw, 212px\" \/><\/a><a href=\"https:\/\/www.helloasso.com\/associations\/observatoire-vendeen-de-la-laicite-georges-clemenceau\/evenements\/l-oovlgc-vous-propose-dans-la-semaine-de-la-laicite\"><img loading=\"lazy\" decoding=\"async\" class=\"wp-image-4472 alignright\" src=\"https:\/\/www.ovlgc.org\/fr\/wp-content\/uploads\/2022\/10\/2022-12-08-Spectacle11-212x300.jpg\" alt=\"\" width=\"210\" height=\"297\" srcset=\"https:\/\/www.ovlgc.org\/fr\/wp-content\/uploads\/2022\/10\/2022-12-08-Spectacle11-212x300.jpg 212w, https:\/\/www.ovlgc.org\/fr\/wp-content\/uploads\/2022\/10\/2022-12-08-Spectacle11-724x1024.jpg 724w, https:\/\/www.ovlgc.org\/fr\/wp-content\/uploads\/2022\/10\/2022-12-08-Spectacle11-106x150.jpg 106w, https:\/\/www.ovlgc.org\/fr\/wp-content\/uploads\/2022\/10\/2022-12-08-Spectacle11-768x1086.jpg 768w, https:\/\/www.ovlgc.org\/fr\/wp-content\/uploads\/2022\/10\/2022-12-08-Spectacle11-1086x1536.jpg 1086w, https:\/\/www.ovlgc.org\/fr\/wp-content\/uploads\/2022\/10\/2022-12-08-Spectacle11-1448x2048.jpg 1448w, https:\/\/www.ovlgc.org\/fr\/wp-content\/uploads\/2022\/10\/2022-12-08-Spectacle11.jpg 1587w\" sizes=\"auto, (max-width: 210px) 100vw, 210px\" \/><\/a><\/p>\n<p>&nbsp;<\/p>\n<p>&nbsp;<\/p>\n","protected":false},"excerpt":{"rendered":"<p>La plaquette ci-dessus d\u00e9crit le programme global de la semaine de la la\u00efcit\u00e9 2022. Vous \u00eates invit\u00e9s \u00e0 participer au<\/p>\n","protected":false},"author":2,"featured_media":3180,"comment_status":"closed","ping_status":"closed","sticky":false,"template":"","format":"standard","meta":{"footnotes":""},"categories":[94],"tags":[],"class_list":["post-4467","post","type-post","status-publish","format-standard","has-post-thumbnail","hentry","category-evenements-de-2022"],"_links":{"self":[{"href":"https:\/\/www.ovlgc.org\/fr\/wp-json\/wp\/v2\/posts\/4467","targetHints":{"allow":["GET"]}}],"collection":[{"href":"https:\/\/www.ovlgc.org\/fr\/wp-json\/wp\/v2\/posts"}],"about":[{"href":"https:\/\/www.ovlgc.org\/fr\/wp-json\/wp\/v2\/types\/post"}],"author":[{"embeddable":true,"href":"https:\/\/www.ovlgc.org\/fr\/wp-json\/wp\/v2\/users\/2"}],"replies":[{"embeddable":true,"href":"https:\/\/www.ovlgc.org\/fr\/wp-json\/wp\/v2\/comments?post=4467"}],"version-history":[{"count":20,"href":"https:\/\/www.ovlgc.org\/fr\/wp-json\/wp\/v2\/posts\/4467\/revisions"}],"predecessor-version":[{"id":4609,"href":"https:\/\/www.ovlgc.org\/fr\/wp-json\/wp\/v2\/posts\/4467\/revisions\/4609"}],"wp:featuredmedia":[{"embeddable":true,"href":"https:\/\/www.ovlgc.org\/fr\/wp-json\/wp\/v2\/media\/3180"}],"wp:attachment":[{"href":"https:\/\/www.ovlgc.org\/fr\/wp-json\/wp\/v2\/media?parent=4467"}],"wp:term":[{"taxonomy":"category","embeddable":true,"href":"https:\/\/www.ovlgc.org\/fr\/wp-json\/wp\/v2\/categories?post=4467"},{"taxonomy":"post_tag","embeddable":true,"href":"https:\/\/www.ovlgc.org\/fr\/wp-json\/wp\/v2\/tags?post=4467"}],"curies":[{"name":"wp","href":"https:\/\/api.w.org\/{rel}","templated":true}]}}