{"id":3478,"date":"2022-01-06T10:19:28","date_gmt":"2022-01-06T09:19:28","guid":{"rendered":"http:\/\/www.ovlgc.org\/fr\/?p=3478"},"modified":"2022-05-10T09:33:28","modified_gmt":"2022-05-10T07:33:28","slug":"la-venue-de-philippe-portier-a-la-roche-sur-yon","status":"publish","type":"post","link":"https:\/\/www.ovlgc.org\/fr\/la-venue-de-philippe-portier-a-la-roche-sur-yon\/","title":{"rendered":"La Venue de Philippe PORTIER \u00e0 la Roche sur Yon"},"content":{"rendered":"<p>&nbsp;<\/p>\n<p>Sur le th\u00e8me \u00a0\u00bb Libert\u00e9 d&rsquo;expression, jusqu&rsquo;o\u00f9 ? \u00a0\u00bb et dans le cadre de la semaine de la la\u00efcit\u00e9 2021, l&rsquo;Observatoire a organis\u00e9 le\u00a0 10 D\u00e9cembre une conf\u00e9rence de Philippe Portier. Vous trouverez ci-joint l&rsquo;introduction de son pr\u00e9sident et une synth\u00e8se de l&rsquo;intervention du politologue.<\/p>\n<a href=\"https:\/\/www.ovlgc.org\/fr\/wp-content\/uploads\/2021\/12\/2021-12-10-intervention-President.pdf\" class=\"pdfemb-viewer\" style=\"\" data-width=\"max\" data-height=\"max\" data-toolbar=\"bottom\" data-toolbar-fixed=\"off\">2021-12-10-intervention Pr\u00e9sident<\/a>\n<a href=\"https:\/\/www.ovlgc.org\/fr\/wp-content\/uploads\/2022\/01\/2021-12-10-synthese-Philippe-Portier.pdf\" class=\"pdfemb-viewer\" style=\"\" data-width=\"max\" data-height=\"max\" data-toolbar=\"bottom\" data-toolbar-fixed=\"off\">2021-12-10-synth\u00e8se Philippe Portier<\/a>\n<p>&nbsp;<\/p>\n<p>Auparavant, la Libre Pens\u00e9e avait rappel\u00e9 &#8230;:<a href=\"https:\/\/www.ovlgc.org\/fr\/wp-content\/uploads\/2020\/02\/La-Libre-Pens\u00e9e-rappelle-que-la-libert\u00e9-dexpression-est-une-et-indivisible.pdf\" class=\"pdfemb-viewer\" style=\"\" data-width=\"max\" data-height=\"max\" data-toolbar=\"bottom\" data-toolbar-fixed=\"off\">La Libre Pens\u00e9e rappelle que la libert\u00e9 d&#039;expression est une et indivisible!<\/a><\/p>\n","protected":false},"excerpt":{"rendered":"<p>&nbsp; Sur le th\u00e8me \u00a0\u00bb Libert\u00e9 d&rsquo;expression, jusqu&rsquo;o\u00f9 ? \u00a0\u00bb et dans le cadre de la semaine de la la\u00efcit\u00e9<\/p>\n","protected":false},"author":2,"featured_media":3194,"comment_status":"closed","ping_status":"closed","sticky":false,"template":"","format":"standard","meta":{"footnotes":""},"categories":[68,77],"tags":[],"class_list":["post-3478","post","type-post","status-publish","format-standard","has-post-thumbnail","hentry","category-evenements-de-2021","category-la-venue-de-philippe-portier-le-10-decembre"],"_links":{"self":[{"href":"https:\/\/www.ovlgc.org\/fr\/wp-json\/wp\/v2\/posts\/3478","targetHints":{"allow":["GET"]}}],"collection":[{"href":"https:\/\/www.ovlgc.org\/fr\/wp-json\/wp\/v2\/posts"}],"about":[{"href":"https:\/\/www.ovlgc.org\/fr\/wp-json\/wp\/v2\/types\/post"}],"author":[{"embeddable":true,"href":"https:\/\/www.ovlgc.org\/fr\/wp-json\/wp\/v2\/users\/2"}],"replies":[{"embeddable":true,"href":"https:\/\/www.ovlgc.org\/fr\/wp-json\/wp\/v2\/comments?post=3478"}],"version-history":[{"count":7,"href":"https:\/\/www.ovlgc.org\/fr\/wp-json\/wp\/v2\/posts\/3478\/revisions"}],"predecessor-version":[{"id":3586,"href":"https:\/\/www.ovlgc.org\/fr\/wp-json\/wp\/v2\/posts\/3478\/revisions\/3586"}],"wp:featuredmedia":[{"embeddable":true,"href":"https:\/\/www.ovlgc.org\/fr\/wp-json\/wp\/v2\/media\/3194"}],"wp:attachment":[{"href":"https:\/\/www.ovlgc.org\/fr\/wp-json\/wp\/v2\/media?parent=3478"}],"wp:term":[{"taxonomy":"category","embeddable":true,"href":"https:\/\/www.ovlgc.org\/fr\/wp-json\/wp\/v2\/categories?post=3478"},{"taxonomy":"post_tag","embeddable":true,"href":"https:\/\/www.ovlgc.org\/fr\/wp-json\/wp\/v2\/tags?post=3478"}],"curies":[{"name":"wp","href":"https:\/\/api.w.org\/{rel}","templated":true}]}}