{"id":2749,"date":"2021-12-26T16:01:09","date_gmt":"2021-12-26T15:01:09","guid":{"rendered":"http:\/\/www.ovlgc.org\/fr\/?p=2749"},"modified":"2022-12-31T10:19:40","modified_gmt":"2022-12-31T09:19:40","slug":"la-liberte-dexpression-est-une-et-indivisible","status":"publish","type":"post","link":"https:\/\/www.ovlgc.org\/fr\/la-liberte-dexpression-est-une-et-indivisible\/","title":{"rendered":"Libert\u00e9 d&rsquo;expression, jusqu&rsquo;o\u00f9?"},"content":{"rendered":"<p>Sur ce th\u00e8me, dans le cadre de la semaine de la la\u00efcit\u00e9 2021, l&rsquo;Observatoire a organis\u00e9 le\u00a0 10 D\u00e9cembre une conf\u00e9rence de Philippe Portier. Vous trouverez ci-joint l&rsquo;introduction de son pr\u00e9sident et une synth\u00e8se de l&rsquo;intervention du politologue.<\/p>\n<p>&nbsp;<\/p>\n<p>&nbsp;<\/p>\n<a href=\"https:\/\/www.ovlgc.org\/fr\/wp-content\/uploads\/2021\/12\/2021-12-10-intervention-President.pdf\" class=\"pdfemb-viewer\" style=\"\" data-width=\"max\" data-height=\"max\" data-toolbar=\"bottom\" data-toolbar-fixed=\"off\">2021-12-10-intervention Pr\u00e9sident<\/a>\n<a href=\"https:\/\/www.ovlgc.org\/fr\/wp-content\/uploads\/2022\/01\/2021-12-10-synthese-Philippe-Portier.pdf\" class=\"pdfemb-viewer\" style=\"\" data-width=\"max\" data-height=\"max\" data-toolbar=\"bottom\" data-toolbar-fixed=\"off\">2021-12-10-synth\u00e8se Philippe Portier<\/a>\n<p>&nbsp;<\/p>\n<p>Auparavant, la Libre Pens\u00e9e avait rappel\u00e9 &#8230;:<a href=\"https:\/\/www.ovlgc.org\/fr\/wp-content\/uploads\/2020\/02\/La-Libre-Pens\u00e9e-rappelle-que-la-libert\u00e9-dexpression-est-une-et-indivisible.pdf\" class=\"pdfemb-viewer\" style=\"\" data-width=\"max\" data-height=\"max\" data-toolbar=\"bottom\" data-toolbar-fixed=\"off\">La Libre Pens\u00e9e rappelle que la libert\u00e9 d&#039;expression est une et indivisible!<\/a><\/p>\n<p>&nbsp;<\/p>\n","protected":false},"excerpt":{"rendered":"<p>Sur ce th\u00e8me, dans le cadre de la semaine de la la\u00efcit\u00e9 2021, l&rsquo;Observatoire a organis\u00e9 le\u00a0 10 D\u00e9cembre une<\/p>\n","protected":false},"author":2,"featured_media":3194,"comment_status":"closed","ping_status":"closed","sticky":false,"template":"","format":"standard","meta":{"footnotes":""},"categories":[49],"tags":[],"class_list":["post-2749","post","type-post","status-publish","format-standard","has-post-thumbnail","hentry","category-semaine-de-la-laicite"],"_links":{"self":[{"href":"https:\/\/www.ovlgc.org\/fr\/wp-json\/wp\/v2\/posts\/2749","targetHints":{"allow":["GET"]}}],"collection":[{"href":"https:\/\/www.ovlgc.org\/fr\/wp-json\/wp\/v2\/posts"}],"about":[{"href":"https:\/\/www.ovlgc.org\/fr\/wp-json\/wp\/v2\/types\/post"}],"author":[{"embeddable":true,"href":"https:\/\/www.ovlgc.org\/fr\/wp-json\/wp\/v2\/users\/2"}],"replies":[{"embeddable":true,"href":"https:\/\/www.ovlgc.org\/fr\/wp-json\/wp\/v2\/comments?post=2749"}],"version-history":[{"count":17,"href":"https:\/\/www.ovlgc.org\/fr\/wp-json\/wp\/v2\/posts\/2749\/revisions"}],"predecessor-version":[{"id":4161,"href":"https:\/\/www.ovlgc.org\/fr\/wp-json\/wp\/v2\/posts\/2749\/revisions\/4161"}],"wp:featuredmedia":[{"embeddable":true,"href":"https:\/\/www.ovlgc.org\/fr\/wp-json\/wp\/v2\/media\/3194"}],"wp:attachment":[{"href":"https:\/\/www.ovlgc.org\/fr\/wp-json\/wp\/v2\/media?parent=2749"}],"wp:term":[{"taxonomy":"category","embeddable":true,"href":"https:\/\/www.ovlgc.org\/fr\/wp-json\/wp\/v2\/categories?post=2749"},{"taxonomy":"post_tag","embeddable":true,"href":"https:\/\/www.ovlgc.org\/fr\/wp-json\/wp\/v2\/tags?post=2749"}],"curies":[{"name":"wp","href":"https:\/\/api.w.org\/{rel}","templated":true}]}}