{"id":1791,"date":"2018-02-14T10:09:28","date_gmt":"2018-02-14T09:09:28","guid":{"rendered":"http:\/\/www.ovlgc.org\/fr\/?p=1791"},"modified":"2022-06-02T19:11:24","modified_gmt":"2022-06-02T17:11:24","slug":"le-programme-du-15-fevrier","status":"publish","type":"post","link":"https:\/\/www.ovlgc.org\/fr\/le-programme-du-15-fevrier\/","title":{"rendered":"La Journ\u00e9e du 15 F\u00e9vrier, son programme, ses actes"},"content":{"rendered":"<p><img loading=\"lazy\" decoding=\"async\" class=\"alignnone wp-image-539\" src=\"http:\/\/ovlgc.org\/fr\/wp-content\/uploads\/2018\/10\/VRL20180215.jpg\" alt=\"\" width=\"791\" height=\"559\" srcset=\"https:\/\/www.ovlgc.org\/fr\/wp-content\/uploads\/2018\/10\/VRL20180215.jpg 600w, https:\/\/www.ovlgc.org\/fr\/wp-content\/uploads\/2018\/10\/VRL20180215-300x212.jpg 300w\" sizes=\"auto, (max-width: 791px) 100vw, 791px\" \/><\/p>\n<p>Le 15 F\u00e9vrier dernier, organis\u00e9e par:<\/p>\n<ul>\n<li>La DDCS (Direction D\u00e9partementale de la Coh\u00e9sion Sociale) de la Vend\u00e9e,<\/li>\n<li>La Ligue de l&rsquo;Enseignement,<\/li>\n<li>Les FRANCAS,<\/li>\n<li>Les CEAS (Centre d&rsquo;Etudes et d&rsquo;Actions Sociales)<\/li>\n<li>et l&rsquo;OVLGC (l&rsquo;Observatoire Vend\u00e9en de la La\u00efcit\u00e9 Georges Cl\u00e9menceau)<\/li>\n<li>s&rsquo;est tenue \u00e0 la Roche sur Yon, une journ\u00e9e de r\u00e9flexion et de formation autours des valeurs de la R\u00e9publique et plus particuli\u00e8rement de la La\u00efcit\u00e9.<\/li>\n<\/ul>\n<p>Vous pourrez prendre connaissance du dossier complet de cette journ\u00e9e.<\/p>\n<a href=\"https:\/\/www.ovlgc.org\/fr\/wp-content\/uploads\/2018\/10\/LES_ACTES.pdf\" class=\"pdfemb-viewer\" style=\"\" data-width=\"max\" data-height=\"max\" data-toolbar=\"bottom\" data-toolbar-fixed=\"off\">LES_ACTES<\/a>\n<p>&nbsp;<\/p>\n<h2><\/h2>\n","protected":false},"excerpt":{"rendered":"<p>Le 15 F\u00e9vrier dernier, organis\u00e9e par: La DDCS (Direction D\u00e9partementale de la Coh\u00e9sion Sociale) de la Vend\u00e9e, La Ligue de<\/p>\n","protected":false},"author":2,"featured_media":539,"comment_status":"closed","ping_status":"closed","sticky":false,"template":"","format":"standard","meta":{"footnotes":""},"categories":[61],"tags":[],"class_list":["post-1791","post","type-post","status-publish","format-standard","has-post-thumbnail","hentry","category-evenements-de-2018"],"_links":{"self":[{"href":"https:\/\/www.ovlgc.org\/fr\/wp-json\/wp\/v2\/posts\/1791","targetHints":{"allow":["GET"]}}],"collection":[{"href":"https:\/\/www.ovlgc.org\/fr\/wp-json\/wp\/v2\/posts"}],"about":[{"href":"https:\/\/www.ovlgc.org\/fr\/wp-json\/wp\/v2\/types\/post"}],"author":[{"embeddable":true,"href":"https:\/\/www.ovlgc.org\/fr\/wp-json\/wp\/v2\/users\/2"}],"replies":[{"embeddable":true,"href":"https:\/\/www.ovlgc.org\/fr\/wp-json\/wp\/v2\/comments?post=1791"}],"version-history":[{"count":3,"href":"https:\/\/www.ovlgc.org\/fr\/wp-json\/wp\/v2\/posts\/1791\/revisions"}],"predecessor-version":[{"id":4339,"href":"https:\/\/www.ovlgc.org\/fr\/wp-json\/wp\/v2\/posts\/1791\/revisions\/4339"}],"wp:featuredmedia":[{"embeddable":true,"href":"https:\/\/www.ovlgc.org\/fr\/wp-json\/wp\/v2\/media\/539"}],"wp:attachment":[{"href":"https:\/\/www.ovlgc.org\/fr\/wp-json\/wp\/v2\/media?parent=1791"}],"wp:term":[{"taxonomy":"category","embeddable":true,"href":"https:\/\/www.ovlgc.org\/fr\/wp-json\/wp\/v2\/categories?post=1791"},{"taxonomy":"post_tag","embeddable":true,"href":"https:\/\/www.ovlgc.org\/fr\/wp-json\/wp\/v2\/tags?post=1791"}],"curies":[{"name":"wp","href":"https:\/\/api.w.org\/{rel}","templated":true}]}}