{"id":1778,"date":"2019-02-14T09:43:33","date_gmt":"2019-02-14T08:43:33","guid":{"rendered":"http:\/\/www.ovlgc.org\/fr\/?p=1778"},"modified":"2022-06-02T16:12:02","modified_gmt":"2022-06-02T14:12:02","slug":"introduction-de-gilles-bourmaud","status":"publish","type":"post","link":"https:\/\/www.ovlgc.org\/fr\/introduction-de-gilles-bourmaud\/","title":{"rendered":"Introduction de Gilles BOURMAUD"},"content":{"rendered":"<p><strong>En introduction de la conf\u00e9rence de Jean-Louis Bianco, Gilles Bourmaud, Pr\u00e9sident de l&rsquo;OVLGC, a tenu les propos suivants:<\/strong><\/p>\n<p>&nbsp;<\/p>\n<p>La venue de Jean-Louis Bianco, Pr\u00e9sident de l\u2019Observatoire de la La\u00efcit\u00e9, c\u2019est d\u2019abord pour signer la convention de partenariat avec l\u2019Observatoire Vend\u00e9en de la La\u00efcit\u00e9 Georges Clemenceau.<\/p>\n<p>Les deux structures ont en commun la promotion, la transmission, voire la d\u00e9fense du principe de la\u00efcit\u00e9, face \u00e0 la m\u00e9connaissance, l\u2019incompr\u00e9hension ou m\u00eame la manipulation de ce concept.<\/p>\n<p>Cette convention engage l\u2019OVLGC \u00e0 diffuser les travaux de l\u2019Observatoire sur le territoire vend\u00e9en. Elle requerra aussi de notre part une accentuation de notre action dans au moins 3 domaines. En premier lieu, la mise en place d\u2019une cellule de veille charg\u00e9e de faire respecter la la\u00efcit\u00e9 dans notre d\u00e9partement. En deuxi\u00e8me lieu, l\u2019\u00e9laboration d\u2019un centre de ressources pour ceux qui nous solliciteront, en particulier dans le cadre du plan de formation \u00ab Valeurs de la R\u00e9publique et la\u00efcit\u00e9 \u00bb. Ces objectifs devraient passer par la d\u00e9signation de correspondants th\u00e9matiques et de correspondants locaux.<\/p>\n<p>En troisi\u00e8me lieu, l\u2019organisation d\u2019\u00e9v\u00e8nements, de conf\u00e9rences, de d\u00e9bats, \u00e9ventuellement d\u00e9localis\u00e9s, autour de la notion de la\u00efcit\u00e9 et de ses applications. D\u2019ores et d\u00e9j\u00e0, apr\u00e8s notre Assembl\u00e9e G\u00e9n\u00e9rale du 27 octobre prochain au cours de laquelle des orientations seront adopt\u00e9es, nous accueillerons Annie Sugier, pr\u00e9sidente de la Ligue du Droit International des Femmes, qui viendra nous parler de \u00ab la\u00efcit\u00e9 et droit des femmes : dimension internationale \u00bb.<\/p>\n<p>Dans quelques semaines, le site \u00ab ovlgc.org \u00bb sera op\u00e9rationnel et apportera des informations au grand public d\u2019une part, aux adh\u00e9rents d\u2019autre part.<\/p>\n<p>&nbsp;<\/p>\n<p>&nbsp;<\/p>\n<p>La venue de Jean-Louis Bianco, c\u2019est aussi pour nous parler de \u00ab la\u00efcit\u00e9 et vivre-ensemble \u00bb.<\/p>\n<p>L\u2019histoire des religions en France est jalonn\u00e9e de guerres civiles, de pers\u00e9cutions et de violentes controverses. La la\u00efcit\u00e9 a \u00e9t\u00e9 con\u00e7ue comme un instrument de paix civile, une fa\u00e7on de garantir que la religion ne soit plus un facteur de division dans la soci\u00e9t\u00e9 fran\u00e7aise.<\/p>\n<p>Le 9 d\u00e9cembre 2012, le Pr\u00e9sident de la R\u00e9publique fran\u00e7aise disait : \u00ab la la\u00efcit\u00e9 n\u2019est pas une opinion, c\u2019est l\u2019art de vivre ensemble \u00bb.<\/p>\n<p>La la\u00efcit\u00e9, c\u2019est :<\/p>\n<p>&#8211;<u>la libert\u00e9<\/u> de croire ou de ne pas croire et de l\u2019exprimer publiquement<\/p>\n<p>&#8211;<u>l\u2019\u00e9galit\u00e9<\/u> de tous les citoyens dans leurs croyances et leurs convictions<\/p>\n<p>&#8211;<u>la fraternit\u00e9<\/u> au sein de la R\u00e9publique rassembl\u00e9e sans distinctions<\/p>\n<p>La la\u00efcit\u00e9, d\u00e9passement de nos conditionnements, est plus que jamais d\u2019actualit\u00e9 dans une France diverse. Elle est absolument n\u00e9cessaire dans une Vend\u00e9e o\u00f9 la religion reste tr\u00e8s pr\u00e9gnante et o\u00f9 les pratiques sont parfois assez peu orthodoxes.<\/p>\n<p><img loading=\"lazy\" decoding=\"async\" class=\" wp-image-178 aligncenter\" src=\"http:\/\/ovlgc.org\/fr\/wp-content\/uploads\/2018\/09\/IMG_1919-300x225.jpg\" alt=\"\" width=\"377\" height=\"283\" \/><\/p>\n<p>&nbsp;<\/p>\n<p>&nbsp;<\/p>\n<p>La venue de Jean-Louis Bianco, c\u2019est enfin pour aborder notamment un th\u00e8me dont l\u2019Observatoire s\u2019est autosaisi : \u00ab les zones blanches de l\u2019enseignement public \u00bb et pour lequel une d\u00e9l\u00e9gation vend\u00e9enne compos\u00e9e de la Ligue de l\u2019enseignement de Vend\u00e9e, la F\u00e9d\u00e9ration des Conseils de Parents d\u2019El\u00e8ves 85, l\u2019Union de Vend\u00e9e des D\u00e9l\u00e9gu\u00e9s D\u00e9partementaux de l\u2019Education Nationale, le Comit\u00e9 D\u00e9partemental des Associations des FAmilles La\u00efques et l\u2019Observatoire Vend\u00e9en de la La\u00efcit\u00e9 Georges Clemenceau a \u00e9t\u00e9 auditionn\u00e9e le 4 septembre dernier \u00e0 Paris.<\/p>\n<p>L\u2019ensemble des documents envoy\u00e9s \u00e0 l\u2019Observatoire et des interventions faites devant la commission ad hoc sont r\u00e9unis dans un dossier qui sera sur le site \u00ab ovlgc.org \u00bb.<\/p>\n<p>&nbsp;<\/p>\n<p>Aujourd\u2019hui, je me contenterai de poser bri\u00e8vement 3 questions :<\/p>\n<p>-en Vend\u00e9e, les raisonnements quant \u00e0 la couverture du territoire en mati\u00e8re d\u2019enseignement se font \u00ab enseignement priv\u00e9 sous contrat int\u00e9gr\u00e9 \u00bb (sans parler du d\u00e9veloppement anormal de l\u2019enseignement hors contrat). Derri\u00e8re cette logique apparente, je pose la question, notamment \u00e0 tous ceux qui pr\u00f4nent la libert\u00e9 de choix : o\u00f9 est le choix de l\u2019enseignement public pour les familles dans les 63 communes vend\u00e9ennes qui n\u2019ont pas d\u2019\u00e9cole publique ?<\/p>\n<p>-la plupart de nos \u00e9diles locaux, de la commune \u00e0 la r\u00e9gion, luttent pour l\u2019\u00e9galit\u00e9 des financements : on ne manque pas de financer toutes les d\u00e9penses obligatoires et on fait preuve de la plus grande ing\u00e9niosit\u00e9 pour le maximum d\u2019aides facultatives (sans parler l\u00e0 encore de l\u2019enseignement sup\u00e9rieur, grand oubli\u00e9 de la d\u00e9centralisation, o\u00f9 r\u00e8gne l\u2019arbitraire). Mais les 2 enseignements n\u2019ont pas les m\u00eames obligations. En d\u00e9finitive, n\u2019y a-t-il pas in\u00e9galit\u00e9 au d\u00e9triment de l\u2019enseignement public ?<\/p>\n<p>-les \u00e9tablissements publics sont r\u00e9gis par des r\u00e8gles, des proc\u00e9dures, des contr\u00f4les li\u00e9s au service public. Dans l\u2019enseignement priv\u00e9, qui et comment contr\u00f4le-t-on l\u2019utilisation des subventions ?<\/p>\n<p>&nbsp;<\/p>\n<p>Voil\u00e0 quelques propos introductifs \u00e0 l\u2019intervention que vous attendez tous de Jean-Louis Bianco, Pr\u00e9sident de l\u2019Observatoire de la La\u00efcit\u00e9.<\/p>\n","protected":false},"excerpt":{"rendered":"<p>En introduction de la conf\u00e9rence de Jean-Louis Bianco, Gilles Bourmaud, Pr\u00e9sident de l&rsquo;OVLGC, a tenu les propos suivants: &nbsp; La<\/p>\n","protected":false},"author":2,"featured_media":0,"comment_status":"closed","ping_status":"closed","sticky":false,"template":"","format":"standard","meta":{"footnotes":""},"categories":[20],"tags":[],"class_list":["post-1778","post","type-post","status-publish","format-standard","hentry","category-archives"],"_links":{"self":[{"href":"https:\/\/www.ovlgc.org\/fr\/wp-json\/wp\/v2\/posts\/1778","targetHints":{"allow":["GET"]}}],"collection":[{"href":"https:\/\/www.ovlgc.org\/fr\/wp-json\/wp\/v2\/posts"}],"about":[{"href":"https:\/\/www.ovlgc.org\/fr\/wp-json\/wp\/v2\/types\/post"}],"author":[{"embeddable":true,"href":"https:\/\/www.ovlgc.org\/fr\/wp-json\/wp\/v2\/users\/2"}],"replies":[{"embeddable":true,"href":"https:\/\/www.ovlgc.org\/fr\/wp-json\/wp\/v2\/comments?post=1778"}],"version-history":[{"count":1,"href":"https:\/\/www.ovlgc.org\/fr\/wp-json\/wp\/v2\/posts\/1778\/revisions"}],"predecessor-version":[{"id":1780,"href":"https:\/\/www.ovlgc.org\/fr\/wp-json\/wp\/v2\/posts\/1778\/revisions\/1780"}],"wp:attachment":[{"href":"https:\/\/www.ovlgc.org\/fr\/wp-json\/wp\/v2\/media?parent=1778"}],"wp:term":[{"taxonomy":"category","embeddable":true,"href":"https:\/\/www.ovlgc.org\/fr\/wp-json\/wp\/v2\/categories?post=1778"},{"taxonomy":"post_tag","embeddable":true,"href":"https:\/\/www.ovlgc.org\/fr\/wp-json\/wp\/v2\/tags?post=1778"}],"curies":[{"name":"wp","href":"https:\/\/api.w.org\/{rel}","templated":true}]}}