{"id":1671,"date":"2019-02-10T10:30:33","date_gmt":"2019-02-10T09:30:33","guid":{"rendered":"http:\/\/www.ovlgc.org\/fr\/?p=1671"},"modified":"2019-02-15T10:23:48","modified_gmt":"2019-02-15T09:23:48","slug":"la-charte-des-adherents","status":"publish","type":"post","link":"https:\/\/www.ovlgc.org\/fr\/la-charte-des-adherents\/","title":{"rendered":"La Charte des Adh\u00e9rents"},"content":{"rendered":"<p><strong> ( CHARTE MODIFIEE LE 27 JUIN 2018)<\/strong><\/p>\n<p>&nbsp;<\/p>\n<p><strong><span style=\"color: #0000ff;\">Pr\u00e9ambule<\/span><\/strong><\/p>\n<p>Cette charte a pour unique objet de rappeler l&rsquo;esprit dans lequel a \u00e9t\u00e9 cr\u00e9\u00e9 l&rsquo;OVLGC le 5 mars 2014.<\/p>\n<p><span style=\"color: #0000ff;\"><strong>Objet<\/strong><\/span><\/p>\n<p>Il est d\u00e9fini par l&rsquo;article 2 des statuts de l&rsquo;OVLGC : \u00a0\u00bb L\u2019Observatoire Vend\u00e9en de la La\u00efcit\u00e9 Georges Clemenceau est \u00e0 but \u00e9ducatif et culturel, il a pour objet de promouvoir, en Vend\u00e9e, le principe de la\u00efcit\u00e9, de veiller \u00e0 son strict respect et, si n\u00e9cessaire, de mener toute action y compris en justice, pour le restaurer et le d\u00e9fendre. \u00a0\u00bb<br \/>\nDepuis plus de deux si\u00e8cles, les Fran\u00e7ais ont choisi d&rsquo;\u00e9tablir une R\u00e9publique la\u00efque dont l&rsquo;Etat est le garant.<br \/>\nCe principe, la la\u00efcit\u00e9, que les membres fondateurs estiment universel, \u00e9carte tout ce qui peut s\u00e9parer au b\u00e9n\u00e9fice de ce qui peut r\u00e9unir, pour le \u00ab\u00a0bien commun\u00a0\u00bb et le \u00ab\u00a0vivre ensemble\u00a0\u00bb, l&rsquo;Etat ne devant reconna\u00eetre, favoriser, ou ne subventionner aucun culte.<br \/>\nToute croyance ou non croyance \u00e9tant \u00e9gale \u00e0 ses yeux, il doit en garantir la libert\u00e9 d&rsquo;exercice au nom de la libert\u00e9 absolue de conscience.<br \/>\nL&rsquo;Observatoire a \u00e9t\u00e9 cr\u00e9\u00e9 pour et par des femmes et hommes de tous horizons de pens\u00e9e, de tous secteurs d&rsquo;activit\u00e9, de toutes conditions, librement et sans distinction d&rsquo;appartenance politique, philosophique, id\u00e9ologique, religieuse ou autre, qui adh\u00e8rent aux valeurs fondatrices de la la\u00efcit\u00e9 et refusent tout sectarisme et toute forme d\u2019int\u00e9grisme dans le respect<\/p>\n<p style=\"text-align: left;\"><strong><span style=\"color: #0000ff;\">De la d\u00e9claration des Droits de l\u2019Homme et du Citoyen de 1789<\/span><\/strong><\/p>\n<p style=\"text-align: left;\">article 10 : \u00a0\u00bb Nul ne doit \u00eatre inqui\u00e9t\u00e9 pour ses opinions m\u00eame religieuses, pourvu que leur manifestation ne trouble pas l\u2019ordre public \u00e9tabli par la loi \u00a0\u00bb<br \/>\narticle 11 : \u00a0\u00bb La libre communication des pens\u00e9es et des opinions est un des droits les plus pr\u00e9cieux de l&rsquo;homme ; tout citoyen peut donc parler, \u00e9crire, imprimer librement &#8230; \u00ab\u00a0<\/p>\n<p style=\"text-align: left;\"><strong><span style=\"color: #0000ff;\">De la loi de 1901 relative \u00e0 la libert\u00e9 d&rsquo;association<\/span><\/strong><\/p>\n<p style=\"text-align: left;\"><span style=\"color: #0000ff;\"><strong>De la loi organique de s\u00e9paration des Eglises et de l\u2019Etat de 1905 (articles 1 et 2)<\/strong><\/span><\/p>\n<p style=\"text-align: left;\"><strong><span style=\"color: #0000ff;\">Du pr\u00e9ambule de la Constitution de 1946<\/span> <\/strong>\u00a0\u00bb tout \u00eatre humain sans distinction de race, de religion ni de croyance poss\u00e8de des droits inali\u00e9nables et sacr\u00e9s \u00ab\u00a0<\/p>\n<p style=\"text-align: left;\"><span style=\"color: #0000ff;\"><strong>De la D\u00e9claration Universelle des Droits de l\u2019Homme de 1948.<\/strong><\/span><\/p>\n<p style=\"text-align: left;\"><strong><span style=\"color: #0000ff;\">De la Constitution de la V\u00b0 R\u00e9publique de 1958 (article 1er)<\/span><\/strong><\/p>\n<p style=\"text-align: left;\">\u00a0\u00bb La France est une R\u00e9publique indivisible, la\u00efque, d\u00e9mocratique et sociale. Elle assure l&rsquo;\u00e9galit\u00e9 devant la loi de tous ses citoyens sans distinction d&rsquo;origine, de race ou de religion.<br \/>\nElle respecte toutes les croyances\u2026 \u00bb<\/p>\n","protected":false},"excerpt":{"rendered":"<p>( CHARTE MODIFIEE LE 27 JUIN 2018) &nbsp; Pr\u00e9ambule Cette charte a pour unique objet de rappeler l&rsquo;esprit dans lequel<\/p>\n","protected":false},"author":2,"featured_media":0,"comment_status":"closed","ping_status":"closed","sticky":false,"template":"","format":"standard","meta":{"footnotes":""},"categories":[43],"tags":[],"class_list":["post-1671","post","type-post","status-publish","format-standard","hentry","category-lassociation"],"_links":{"self":[{"href":"https:\/\/www.ovlgc.org\/fr\/wp-json\/wp\/v2\/posts\/1671","targetHints":{"allow":["GET"]}}],"collection":[{"href":"https:\/\/www.ovlgc.org\/fr\/wp-json\/wp\/v2\/posts"}],"about":[{"href":"https:\/\/www.ovlgc.org\/fr\/wp-json\/wp\/v2\/types\/post"}],"author":[{"embeddable":true,"href":"https:\/\/www.ovlgc.org\/fr\/wp-json\/wp\/v2\/users\/2"}],"replies":[{"embeddable":true,"href":"https:\/\/www.ovlgc.org\/fr\/wp-json\/wp\/v2\/comments?post=1671"}],"version-history":[{"count":3,"href":"https:\/\/www.ovlgc.org\/fr\/wp-json\/wp\/v2\/posts\/1671\/revisions"}],"predecessor-version":[{"id":1697,"href":"https:\/\/www.ovlgc.org\/fr\/wp-json\/wp\/v2\/posts\/1671\/revisions\/1697"}],"wp:attachment":[{"href":"https:\/\/www.ovlgc.org\/fr\/wp-json\/wp\/v2\/media?parent=1671"}],"wp:term":[{"taxonomy":"category","embeddable":true,"href":"https:\/\/www.ovlgc.org\/fr\/wp-json\/wp\/v2\/categories?post=1671"},{"taxonomy":"post_tag","embeddable":true,"href":"https:\/\/www.ovlgc.org\/fr\/wp-json\/wp\/v2\/tags?post=1671"}],"curies":[{"name":"wp","href":"https:\/\/api.w.org\/{rel}","templated":true}]}}