{"id":1521,"date":"2019-01-21T19:12:47","date_gmt":"2019-01-21T18:12:47","guid":{"rendered":"http:\/\/www.ovlgc.org\/fr\/?p=1521"},"modified":"2022-06-02T18:55:00","modified_gmt":"2022-06-02T16:55:00","slug":"le-rendez-vous-en-prefecture-du-13","status":"publish","type":"post","link":"https:\/\/www.ovlgc.org\/fr\/le-rendez-vous-en-prefecture-du-13\/","title":{"rendered":"Le rendez-vous en Pr\u00e9fecture du 13"},"content":{"rendered":"<p>L\u2019OVLGC a \u00e9t\u00e9 re\u00e7u en pr\u00e9fecture de la Vend\u00e9e le Jeudi 13 D\u00e9cembre 2018 pour \u00e9changer avec M. le Pr\u00e9fet de Vend\u00e9e sur l\u2019application de la loi de1905 en Vend\u00e9e. Ce rendez -vous programm\u00e9 \u00e0 la date anniversaire de la loi de 1905 par l\u2019ensemble des organisateurs de la semaine de la la\u00efcit\u00e9 avait \u00e9t\u00e9 annul\u00e9 par le pr\u00e9fet en raison de l\u2019actualit\u00e9 sociale (manifestation des gilets jaunes).\u00a0 C\u2019est toujours cette actualit\u00e9 sociale qui a mobilis\u00e9 M. le Pr\u00e9fet. Il n\u2019a pu \u00eatre pr\u00e9sent \u00e0 ce nouveau rendez -vous qu\u2019il avait fix\u00e9 et a d\u00e9l\u00e9gu\u00e9 la secr\u00e9taire g\u00e9n\u00e9rale pour recevoir les repr\u00e9sentants des DDEN, de la ligue de l\u2019enseignement, de la libre pens\u00e9e, de la ligue des droits de l\u2019homme,\u00a0de l\u2019OVLGC. Si chaque organisation repr\u00e9sent\u00e9e a pu rendre compte de son action, de ses positions et de la non application de la loi de 1905 en Vend\u00e9e, \u00a0aucune r\u00e9ponse de l\u2019Etat n\u2019a \u00e9t\u00e9 exprim\u00e9e, ce que nous d\u00e9plorons. L\u2019OVLGC a pour sa part inform\u00e9 la repr\u00e9sentante de l\u2019Etat<\/p>\n<ul>\n<li>Qu\u2019une d\u00e9l\u00e9gation vend\u00e9enne avait \u00e9t\u00e9 auditionn\u00e9e par l\u2019Observatoire national.<\/li>\n<li>Que nous d\u00e9plorions de trop nombreuses atteintes \u00e0 la loi de 1905 par des maires en tant qu\u2019organisateurs des c\u00e9r\u00e9monies comm\u00e9moratives patriotiques (b\u00e9n\u00e9dictions de drapeaux, invitations municipales et moyens de transport pour des messes), la b\u00e9n\u00e9diction de drapeaux impliquant m\u00eame maintenant les conseils municipaux des jeunes.<\/li>\n<li>Que nous d\u00e9plorions la non r\u00e9ponse du repr\u00e9sentant de l\u2019Etat \u00e0 nos courriers sur ces sujets.<\/li>\n<li>Que chaque ann\u00e9e un rapport vend\u00e9en serait \u00e9dit\u00e9 par l\u2019OVLGC.<\/li>\n<li>Que nous nous tenions \u00e0 disposition de tous pour informer et former sur la question de la la\u00efcit\u00e9.<\/li>\n<\/ul>\n<p>En conclusion, nous avons r\u00e9affirm\u00e9 que la Vend\u00e9e ne pouvait \u00eatre une terre d\u2019exception aux lois de la R\u00e9publique pas plus qu\u2019un laboratoire d\u2019exp\u00e9rimentations naus\u00e9abondes.<\/p>\n<p>&nbsp;<\/p>\n<p>Jean Burneleau,<\/p>\n<p>vice- pr\u00e9sident de l\u2019OVLGC<\/p>\n<p>&nbsp;<\/p>\n","protected":false},"excerpt":{"rendered":"<p>L\u2019OVLGC a \u00e9t\u00e9 re\u00e7u en pr\u00e9fecture de la Vend\u00e9e le Jeudi 13 D\u00e9cembre 2018 pour \u00e9changer avec M. le Pr\u00e9fet<\/p>\n","protected":false},"author":2,"featured_media":0,"comment_status":"closed","ping_status":"closed","sticky":false,"template":"","format":"standard","meta":{"footnotes":""},"categories":[20],"tags":[],"class_list":["post-1521","post","type-post","status-publish","format-standard","hentry","category-archives"],"_links":{"self":[{"href":"https:\/\/www.ovlgc.org\/fr\/wp-json\/wp\/v2\/posts\/1521","targetHints":{"allow":["GET"]}}],"collection":[{"href":"https:\/\/www.ovlgc.org\/fr\/wp-json\/wp\/v2\/posts"}],"about":[{"href":"https:\/\/www.ovlgc.org\/fr\/wp-json\/wp\/v2\/types\/post"}],"author":[{"embeddable":true,"href":"https:\/\/www.ovlgc.org\/fr\/wp-json\/wp\/v2\/users\/2"}],"replies":[{"embeddable":true,"href":"https:\/\/www.ovlgc.org\/fr\/wp-json\/wp\/v2\/comments?post=1521"}],"version-history":[{"count":2,"href":"https:\/\/www.ovlgc.org\/fr\/wp-json\/wp\/v2\/posts\/1521\/revisions"}],"predecessor-version":[{"id":1524,"href":"https:\/\/www.ovlgc.org\/fr\/wp-json\/wp\/v2\/posts\/1521\/revisions\/1524"}],"wp:attachment":[{"href":"https:\/\/www.ovlgc.org\/fr\/wp-json\/wp\/v2\/media?parent=1521"}],"wp:term":[{"taxonomy":"category","embeddable":true,"href":"https:\/\/www.ovlgc.org\/fr\/wp-json\/wp\/v2\/categories?post=1521"},{"taxonomy":"post_tag","embeddable":true,"href":"https:\/\/www.ovlgc.org\/fr\/wp-json\/wp\/v2\/tags?post=1521"}],"curies":[{"name":"wp","href":"https:\/\/api.w.org\/{rel}","templated":true}]}}