{"id":1415,"date":"2018-11-28T17:15:46","date_gmt":"2018-11-28T16:15:46","guid":{"rendered":"http:\/\/www.ovlgc.org\/fr\/?p=1415"},"modified":"2019-03-01T10:57:24","modified_gmt":"2019-03-01T09:57:24","slug":"lovlgc-ecrit-au-prefet","status":"publish","type":"post","link":"https:\/\/www.ovlgc.org\/fr\/lovlgc-ecrit-au-prefet\/","title":{"rendered":"L&rsquo;OVLGC \u00e9crit au Pr\u00e9fet"},"content":{"rendered":"<p><strong>\u00a0Le 27 novembre 2018\u00a0 <\/strong><\/p>\n<p><!--more--><\/p>\n<p><strong>\u00a0<\/strong><strong>Objet\u00a0: loi de 1905\u00a0\u00a0\u00a0\u00a0\u00a0\u00a0\u00a0\u00a0\u00a0\u00a0\u00a0\u00a0\u00a0\u00a0\u00a0\u00a0 <\/strong><\/p>\n<p><strong>\u00a0\u00a0\u00a0\u00a0\u00a0\u00a0\u00a0\u00a0\u00a0\u00a0\u00a0\u00a0\u00a0\u00a0\u00a0\u00a0\u00a0\u00a0\u00a0\u00a0\u00a0\u00a0\u00a0\u00a0\u00a0\u00a0\u00a0\u00a0\u00a0\u00a0\u00a0\u00a0\u00a0\u00a0\u00a0\u00a0\u00a0\u00a0\u00a0\u00a0\u00a0\u00a0\u00a0\u00a0\u00a0\u00a0\u00a0\u00a0\u00a0\u00a0\u00a0\u00a0\u00a0\u00a0\u00a0\u00a0\u00a0\u00a0\u00a0\u00a0\u00a0\u00a0\u00a0\u00a0\u00a0\u00a0\u00a0\u00a0\u00a0\u00a0\u00a0\u00a0\u00a0\u00a0\u00a0\u00a0\u00a0\u00a0\u00a0\u00a0\u00a0 Monsieur le Pr\u00e9fet de la Vend\u00e9e,<\/strong><\/p>\n<p><strong>\u00a0\u00a0\u00a0\u00a0\u00a0\u00a0\u00a0\u00a0\u00a0\u00a0\u00a0\u00a0\u00a0\u00a0\u00a0\u00a0\u00a0\u00a0\u00a0\u00a0\u00a0\u00a0\u00a0\u00a0\u00a0\u00a0\u00a0\u00a0\u00a0\u00a0\u00a0\u00a0\u00a0\u00a0\u00a0\u00a0\u00a0\u00a0\u00a0\u00a0\u00a0\u00a0\u00a0\u00a0\u00a0\u00a0\u00a0\u00a0\u00a0\u00a0\u00a0\u00a0\u00a0\u00a0\u00a0\u00a0\u00a0\u00a0\u00a0\u00a0\u00a0\u00a0\u00a0\u00a0\u00a0\u00a0\u00a0\u00a0\u00a0\u00a0\u00a0\u00a0\u00a0\u00a0\u00a0\u00a0\u00a0\u00a0\u00a0\u00a0\u00a0 29, rue Delille<\/strong><\/p>\n<p><strong>\u00a0\u00a0\u00a0\u00a0\u00a0\u00a0\u00a0\u00a0\u00a0\u00a0\u00a0\u00a0\u00a0 \u00a0\u00a0\u00a0\u00a0\u00a0\u00a0\u00a0\u00a0\u00a0\u00a0\u00a0\u00a0\u00a0\u00a0\u00a0\u00a0\u00a0\u00a0\u00a0\u00a0\u00a0\u00a0\u00a0\u00a0\u00a0\u00a0\u00a0\u00a0\u00a0\u00a0\u00a0\u00a0\u00a0\u00a0\u00a0\u00a0\u00a0\u00a0\u00a0\u00a0\u00a0\u00a0\u00a0\u00a0\u00a0\u00a0\u00a0\u00a0\u00a0\u00a0\u00a0\u00a0\u00a0\u00a0\u00a0\u00a0\u00a0\u00a0\u00a0\u00a0\u00a0\u00a0\u00a0\u00a0\u00a0\u00a0\u00a0\u00a085922 La Roche sur Yon cedex 9<\/strong><\/p>\n<p><strong>Monsieur le Pr\u00e9fet,<\/strong><\/p>\n<p><strong>Par lettre du 30 septembre 2018, rest\u00e9e sans r\u00e9ponse \u00e0 ce jour, nous avons attir\u00e9 votre attention sur les nombreux cas en Vend\u00e9e de m\u00e9lange de c\u00e9r\u00e9monies r\u00e9publicaines avec des rites religieux. La comm\u00e9moration de l\u2019armistice du 11 novembre a \u00e9t\u00e9 encore l\u2019occasion de nombreux exemples.<\/strong><\/p>\n<p><strong>Aujourd\u2019hui pourtant, les choses sont claires. Il suffit de se rapporter \u00e0 la page 13 du guide de l\u2019Observatoire de la La\u00efcit\u00e9 \u00ab\u00a0La\u00efcit\u00e9 et collectivit\u00e9s locales\u00a0\u00bb, paragraphe 3 du chapitre \u00ab\u00a0les manifestations religieuses sur la voie publique \u00bb. Il en ressort que\u00a0:<\/strong><\/p>\n<ul>\n<li><strong>\u00ab\u00a0Une administration publique ne peut organiser de \u00ab b\u00e9n\u00e9diction \u00bb religieuse d\u2019un embl\u00e8me de la R\u00e9publique. Un tel acte serait contraire au principe de neutralit\u00e9 de l\u2019administration publique d\u00e9coulant du principe de s\u00e9paration entre les \u00c9glises et l\u2019\u00c9tat \u00bb. <\/strong><\/li>\n<li><strong>\u00ab\u00a0Concernant l\u2019organisation d\u2019une c\u00e9l\u00e9bration sur la voie publique d\u2019un \u00ab saint patron \u00bb d\u2019une profession de la fonction publique, celle-ci doit \u00eatre le fait d\u2019une association priv\u00e9e et non d\u2019une autorit\u00e9 publique. Les fonctionnaires ne peuvent pas \u00eatre invit\u00e9s par une autorit\u00e9 publique pour y participer. Dans le cas o\u00f9 une telle c\u00e9l\u00e9bration se tiendrait sur le temps de travail de certains d\u2019entre eux, ces derniers, soumis au principe de neutralit\u00e9, ne sauraient marquer une adh\u00e9sion au culte concern\u00e9\u00a0\u00bb.<\/strong><\/li>\n<\/ul>\n<p><strong>\u00a0<\/strong><\/p>\n<ul>\n<li><strong>Au regard de la loi de 1905 (article 2) et de la jurisprudence, l\u2019administration \u00ab\u00a0areligieuse\u00a0\u00bb ne saurait marquer une adh\u00e9sion \u00e0 un culte. Si en l\u2019esp\u00e8ce, une municipalit\u00e9 organise directement une activit\u00e9 cultuelle, c\u2019est effectivement contraire \u00e0 la loi. <\/strong><\/li>\n<\/ul>\n<p><strong>Dans le cadre d\u2019une manifestation publique plus large, il est obligatoire qu\u2019une mairie se limite \u00e0 une simple information, mentionnant les\u00a0 organisateurs des \u00e9v\u00e8nements cultuels, \u00e0 distinguer des autres \u00e9v\u00e8nements de la manifestation et sans qu\u2019il soit possible de marquer une adh\u00e9sion \u00e0 un \u00a0culte ni d\u2019en faire la promotion.\u00a0\u00a0 \u00a0\u00a0\u00a0\u00a0\u00a0\u00a0\u00a0\u00a0\u00a0\u00a0\u00a0\u00a0\u00a0\u00a0\u00a0\u00a0\u00a0\u00a0\u00a0\u00a0\u00a0\u00a0\u00a0\u00a0\u00a0\u00a0\u00a0\u00a0\u00a0\u00a0\u00a0\u00a0\u00a0\u00a0\u00a0\u00a0\u00a0\u00a0\u00a0\u00a0\u00a0\u00a0\u00a0\u00a0\u00a0\u00a0\u00a0<\/strong><\/p>\n<p><strong>Dans cet esprit, il est n\u00e9cessaire de ne pas prendre en charge l\u2019organisation des transports, motoris\u00e9s ou pas, d\u2019un lieu public vers un \u00e9difice cultuel et il est \u00e9videmment pr\u00e9f\u00e9rable de ne pas ins\u00e9rer une messe au milieu des c\u00e9r\u00e9monies r\u00e9publicaines afin de n\u2019obliger aucun participant \u00e0 y assister.\u00a0\u00a0 <\/strong><\/p>\n<p><strong>Nous vous remercions de bien vouloir rappeler ces dispositions aux maires de Vend\u00e9e. Nous les portons \u00e0 connaissance de Madame la Pr\u00e9sidente de l\u2019Association des Maires de Vend\u00e9e et aux maires qui, en 2018, ont enfreint leurs obligations en la mati\u00e8re.<\/strong><\/p>\n<p><strong>A l\u2019avenir, sur ces bases, nous ne manquerons pas de d\u00e9noncer publiquement les manquements et les porterons devant la juridiction administrative le cas \u00e9ch\u00e9ant.<\/strong><\/p>\n<p><strong>Veuillez agr\u00e9er, Monsieur le Pr\u00e9fet, l\u2019assurance de notre haute consid\u00e9ration.<\/strong><\/p>\n<p><strong>\u00a0<\/strong><\/p>\n<p><strong>\u00a0\u00a0\u00a0\u00a0\u00a0\u00a0\u00a0\u00a0\u00a0\u00a0\u00a0\u00a0\u00a0\u00a0\u00a0\u00a0\u00a0\u00a0\u00a0\u00a0\u00a0\u00a0\u00a0\u00a0\u00a0\u00a0\u00a0\u00a0\u00a0\u00a0\u00a0\u00a0\u00a0\u00a0\u00a0\u00a0\u00a0\u00a0\u00a0\u00a0 \u00a0\u00a0\u00a0\u00a0\u00a0\u00a0\u00a0\u00a0\u00a0\u00a0\u00a0\u00a0\u00a0\u00a0\u00a0\u00a0\u00a0\u00a0\u00a0\u00a0\u00a0\u00a0\u00a0\u00a0\u00a0\u00a0\u00a0\u00a0\u00a0\u00a0\u00a0\u00a0\u00a0\u00a0\u00a0\u00a0\u00a0\u00a0\u00a0\u00a0\u00a0\u00a0\u00a0\u00a0\u00a0\u00a0\u00a0\u00a0\u00a0\u00a0\u00a0\u00a0\u00a0\u00a0\u00a0\u00a0\u00a0\u00a0\u00a0\u00a0\u00a0\u00a0\u00a0\u00a0Le Pr\u00e9sident<\/strong><\/p>\n<p><strong>\u00a0<\/strong><\/p>\n<p><strong>\u00a0<\/strong><\/p>\n<p><strong>\u00a0\u00a0\u00a0\u00a0\u00a0\u00a0\u00a0\u00a0\u00a0\u00a0\u00a0\u00a0\u00a0\u00a0\u00a0\u00a0\u00a0\u00a0\u00a0\u00a0\u00a0\u00a0\u00a0\u00a0\u00a0\u00a0\u00a0\u00a0\u00a0\u00a0\u00a0\u00a0\u00a0\u00a0\u00a0\u00a0\u00a0\u00a0\u00a0\u00a0\u00a0\u00a0\u00a0\u00a0\u00a0\u00a0\u00a0\u00a0\u00a0\u00a0\u00a0\u00a0\u00a0\u00a0\u00a0 \u00a0\u00a0\u00a0\u00a0\u00a0\u00a0\u00a0\u00a0\u00a0\u00a0\u00a0\u00a0\u00a0\u00a0\u00a0\u00a0\u00a0\u00a0\u00a0\u00a0\u00a0\u00a0\u00a0\u00a0\u00a0\u00a0\u00a0\u00a0\u00a0\u00a0\u00a0\u00a0\u00a0\u00a0\u00a0\u00a0\u00a0\u00a0\u00a0\u00a0\u00a0\u00a0\u00a0\u00a0\u00a0\u00a0\u00a0Gilles Bourmaud<\/strong><\/p>\n","protected":false},"excerpt":{"rendered":"<p>\u00a0Le 27 novembre 2018\u00a0<\/p>\n","protected":false},"author":2,"featured_media":0,"comment_status":"closed","ping_status":"closed","sticky":false,"template":"","format":"standard","meta":{"footnotes":""},"categories":[20],"tags":[],"class_list":["post-1415","post","type-post","status-publish","format-standard","hentry","category-archives"],"_links":{"self":[{"href":"https:\/\/www.ovlgc.org\/fr\/wp-json\/wp\/v2\/posts\/1415","targetHints":{"allow":["GET"]}}],"collection":[{"href":"https:\/\/www.ovlgc.org\/fr\/wp-json\/wp\/v2\/posts"}],"about":[{"href":"https:\/\/www.ovlgc.org\/fr\/wp-json\/wp\/v2\/types\/post"}],"author":[{"embeddable":true,"href":"https:\/\/www.ovlgc.org\/fr\/wp-json\/wp\/v2\/users\/2"}],"replies":[{"embeddable":true,"href":"https:\/\/www.ovlgc.org\/fr\/wp-json\/wp\/v2\/comments?post=1415"}],"version-history":[{"count":8,"href":"https:\/\/www.ovlgc.org\/fr\/wp-json\/wp\/v2\/posts\/1415\/revisions"}],"predecessor-version":[{"id":1831,"href":"https:\/\/www.ovlgc.org\/fr\/wp-json\/wp\/v2\/posts\/1415\/revisions\/1831"}],"wp:attachment":[{"href":"https:\/\/www.ovlgc.org\/fr\/wp-json\/wp\/v2\/media?parent=1415"}],"wp:term":[{"taxonomy":"category","embeddable":true,"href":"https:\/\/www.ovlgc.org\/fr\/wp-json\/wp\/v2\/categories?post=1415"},{"taxonomy":"post_tag","embeddable":true,"href":"https:\/\/www.ovlgc.org\/fr\/wp-json\/wp\/v2\/tags?post=1415"}],"curies":[{"name":"wp","href":"https:\/\/api.w.org\/{rel}","templated":true}]}}