{"id":1166,"date":"2018-11-23T20:02:29","date_gmt":"2018-11-23T19:02:29","guid":{"rendered":"http:\/\/www.ovlgc.org\/fr\/?p=1166"},"modified":"2019-02-25T20:03:48","modified_gmt":"2019-02-25T19:03:48","slug":"radicalisation","status":"publish","type":"post","link":"https:\/\/www.ovlgc.org\/fr\/radicalisation\/","title":{"rendered":"Lutte contre la radicalisation"},"content":{"rendered":"<p>Le Comit\u00e9 interminist\u00e9riel de pr\u00e9vention de la d\u00e9linquance et de la radicalisation a publi\u00e9 le 13 novembre un <a href=\"https:\/\/www.ovlgc.org\/fr\/guide-pratique-pour-les-enseignants-et-les-professionnels-de-terrain\/\"><em>guide pratique<\/em><\/a> intitul\u00e9 \u00ab\u00a0La\u00efcit\u00e9 et pr\u00e9vention de la radicalisation\u00a0\u00bb. Adress\u00e9 aux enseignants, travailleurs sociaux et d\u00e9cideurs politiques locaux, il a pour objectif de les aider \u00e0 mieux d\u00e9tecter et \u00e0 pr\u00e9venir les cas de radicalisation chez les jeunes.<\/p>\n<p>Renforcer le dialogue en mati\u00e8re de radicalisation sans syst\u00e9matiser la transmission d&rsquo;informations confidentielles. Tel est l&rsquo;objectif de <a href=\"https:\/\/www.ovlgc.org\/fr\/circulaire-dinformation-des-maires\/\"><em>la circulaire<\/em> <\/a>sign\u00e9e le 13 novembre par le ministre de l&rsquo;Int\u00e9rieur. Mieux inform\u00e9s sur l&rsquo;\u00e9tat de la menace, mais \u00e9galement sur les suites apport\u00e9es \u00e0 leurs signalements, les maires sont incit\u00e9s \u00e0 agir davantage pour lutter contre la radicalisation.<\/p>\n<p><strong>Exclusif : <a href=\"https:\/\/www.ovlgc.org\/fr\/decryptage-de-la-circulaire\/\">d\u00e9cryptage de la circulaire<\/a> sur l\u2019information des maires en mati\u00e8re de pr\u00e9vention de la radicalisation violente.<\/strong><\/p>\n<p>Les formateurs de formateurs du plan national Valeurs de la R\u00e9publique et La\u00efcit\u00e9 seront r\u00e9unis le 7 f\u00e9vrier prochain \u00e0 Paris sur ce sujet: <a href=\"https:\/\/www.ovlgc.org\/fr\/wp-content\/uploads\/2018\/11\/PROGRAMME_JOURNEE_DE_REGROUPEMENT_VRL_V2.pdf\" class=\"pdfemb-viewer\" style=\"\" data-width=\"max\" data-height=\"max\" data-toolbar=\"bottom\" data-toolbar-fixed=\"off\">PROGRAMME_JOURNEE_DE_REGROUPEMENT_VRL_V2<\/a><\/p>\n<p>&nbsp;<\/p>\n","protected":false},"excerpt":{"rendered":"<p>Le Comit\u00e9 interminist\u00e9riel de pr\u00e9vention de la d\u00e9linquance et de la radicalisation a publi\u00e9 le 13 novembre un guide pratique<\/p>\n","protected":false},"author":2,"featured_media":0,"comment_status":"closed","ping_status":"closed","sticky":false,"template":"","format":"standard","meta":{"footnotes":""},"categories":[20],"tags":[],"class_list":["post-1166","post","type-post","status-publish","format-standard","hentry","category-archives"],"_links":{"self":[{"href":"https:\/\/www.ovlgc.org\/fr\/wp-json\/wp\/v2\/posts\/1166","targetHints":{"allow":["GET"]}}],"collection":[{"href":"https:\/\/www.ovlgc.org\/fr\/wp-json\/wp\/v2\/posts"}],"about":[{"href":"https:\/\/www.ovlgc.org\/fr\/wp-json\/wp\/v2\/types\/post"}],"author":[{"embeddable":true,"href":"https:\/\/www.ovlgc.org\/fr\/wp-json\/wp\/v2\/users\/2"}],"replies":[{"embeddable":true,"href":"https:\/\/www.ovlgc.org\/fr\/wp-json\/wp\/v2\/comments?post=1166"}],"version-history":[{"count":16,"href":"https:\/\/www.ovlgc.org\/fr\/wp-json\/wp\/v2\/posts\/1166\/revisions"}],"predecessor-version":[{"id":1946,"href":"https:\/\/www.ovlgc.org\/fr\/wp-json\/wp\/v2\/posts\/1166\/revisions\/1946"}],"wp:attachment":[{"href":"https:\/\/www.ovlgc.org\/fr\/wp-json\/wp\/v2\/media?parent=1166"}],"wp:term":[{"taxonomy":"category","embeddable":true,"href":"https:\/\/www.ovlgc.org\/fr\/wp-json\/wp\/v2\/categories?post=1166"},{"taxonomy":"post_tag","embeddable":true,"href":"https:\/\/www.ovlgc.org\/fr\/wp-json\/wp\/v2\/tags?post=1166"}],"curies":[{"name":"wp","href":"https:\/\/api.w.org\/{rel}","templated":true}]}}